{"id":2149,"date":"2024-11-05T20:58:38","date_gmt":"2024-11-05T23:58:38","guid":{"rendered":"https:\/\/lalupa24.com.ar\/?p=2149"},"modified":"2024-11-05T20:58:39","modified_gmt":"2024-11-05T23:58:39","slug":"el-gobierno-de-milei-indico-que-habra-cortes-de-luz-programados-durante-el-verano","status":"publish","type":"post","link":"https:\/\/lalupa24.com.ar\/index.php\/2024\/11\/05\/el-gobierno-de-milei-indico-que-habra-cortes-de-luz-programados-durante-el-verano\/","title":{"rendered":"El gobierno de Milei indic\u00f3 que habr\u00e1 cortes de luz programados durante el verano."},"content":{"rendered":"\n<p>El jefe de Gabinete, Guillermo Francos, dijo que la medida se debe a falta de inversi\u00f3n.<\/p>\n\n\n\n<p>El gobierno nacional encabezado por el presidente\u00a0Javier Milei\u00a0afirm\u00f3 que durante los meses de verano habr\u00e1<em><strong>\u00a0cortes de luz programados<\/strong><\/em>. El jefe de gabinete,\u00a0<strong>Guillermo Francos<\/strong>, lo confirm\u00f3 en una entrevista radial.<\/p>\n\n\n\n<p>El funcionario al ser consultado sobre el sector energ\u00e9tico del pa\u00eds indic\u00f3:&nbsp;<em><strong>\u201cVa a haber una programaci\u00f3n, est\u00e1 analiz\u00e1ndose y lo hablamos el otro d\u00eda con el secretario de Energ\u00eda<\/strong><\/em>. Se supone que se viene un verano de mucha temperatura y puede haber una demanda muy alta de electricidad y lamentablemente no ha habido inversiones en estos \u00faltimos tiempos. Por lo tanto,&nbsp;<em><strong>va a faltar generaci\u00f3n y va a tener que programarse alg\u00fan corte, sobre todo hacer algunos acuerdos con los sectores productivos, los sectores industriales\u201d<\/strong><\/em><\/p>\n\n\n\n<p>Francos hizo hincapi\u00e9 que es una situaci\u00f3n complicada desde hace muchos a\u00f1os y esto es consecuencia de las malas inversiones de gobiernos anteriores:\u00a0<em><strong>\u201cEs una situaci\u00f3n que viene de a\u00f1os<\/strong><\/em>, que hay que encarar seriamente, con inversiones y eventualidades, uno no puede estar sujeto a la improvisaci\u00f3n. La Secretar\u00eda de Energ\u00eda trabaja en este tema<\/p>\n\n\n\n<p><\/p>\n","protected":false},"excerpt":{"rendered":"<p>El jefe de Gabinete, Guillermo Francos, dijo que la medida se debe a falta de inversi\u00f3n. El gobierno nacional encabezado por el presidente\u00a0Javier Milei\u00a0afirm\u00f3 que durante los meses de verano habr\u00e1\u00a0cortes de luz programados. El jefe de gabinete,\u00a0Guillermo Francos, lo confirm\u00f3 en una entrevista radial. El funcionario al ser consultado sobre el sector energ\u00e9tico del [&hellip;]<\/p>\n","protected":false},"author":2,"featured_media":0,"comment_status":"open","ping_status":"open","sticky":false,"template":"","format":"standard","meta":{"footnotes":""},"categories":[1],"tags":[],"class_list":{"0":"post-2149","1":"post","2":"type-post","3":"status-publish","4":"format-standard","6":"category-blog"},"aioseo_notices":[],"_links":{"self":[{"href":"https:\/\/lalupa24.com.ar\/index.php\/wp-json\/wp\/v2\/posts\/2149","targetHints":{"allow":["GET"]}}],"collection":[{"href":"https:\/\/lalupa24.com.ar\/index.php\/wp-json\/wp\/v2\/posts"}],"about":[{"href":"https:\/\/lalupa24.com.ar\/index.php\/wp-json\/wp\/v2\/types\/post"}],"author":[{"embeddable":true,"href":"https:\/\/lalupa24.com.ar\/index.php\/wp-json\/wp\/v2\/users\/2"}],"replies":[{"embeddable":true,"href":"https:\/\/lalupa24.com.ar\/index.php\/wp-json\/wp\/v2\/comments?post=2149"}],"version-history":[{"count":1,"href":"https:\/\/lalupa24.com.ar\/index.php\/wp-json\/wp\/v2\/posts\/2149\/revisions"}],"predecessor-version":[{"id":2391,"href":"https:\/\/lalupa24.com.ar\/index.php\/wp-json\/wp\/v2\/posts\/2149\/revisions\/2391"}],"wp:attachment":[{"href":"https:\/\/lalupa24.com.ar\/index.php\/wp-json\/wp\/v2\/media?parent=2149"}],"wp:term":[{"taxonomy":"category","embeddable":true,"href":"https:\/\/lalupa24.com.ar\/index.php\/wp-json\/wp\/v2\/categories?post=2149"},{"taxonomy":"post_tag","embeddable":true,"href":"https:\/\/lalupa24.com.ar\/index.php\/wp-json\/wp\/v2\/tags?post=2149"}],"curies":[{"name":"wp","href":"https:\/\/api.w.org\/{rel}","templated":true}]}}