{"id":2163,"date":"2024-09-21T08:52:05","date_gmt":"2024-09-21T11:52:05","guid":{"rendered":"https:\/\/lalupa24.com.ar\/?p=2163"},"modified":"2024-10-08T10:03:48","modified_gmt":"2024-10-08T13:03:48","slug":"2163","status":"publish","type":"post","link":"https:\/\/lalupa24.com.ar\/index.php\/2024\/09\/21\/2163\/","title":{"rendered":"Red aprende continua con las capacitaciones a docentes"},"content":{"rendered":"\n<p>Se realiz\u00f3 este viernes otra instancia \u2013sincr\u00f3nica virtual- de la Capacitaci\u00f3n del Programa de Formaci\u00f3n Docente Continua Red Aprende\u00a0 de \u201cAlfabetizaci\u00f3n Temprana e Inicial\u201d, a cargo de Florencia Salvarezza, la cual cursan m\u00e1s de 18 mil docentes, directivos y supervisores de nivel Inicial y del primer ciclo de nivel Primario.<br>En estos casi dos meses de la puesta en marcha del Programa de Formaci\u00f3n Docente, donde el eje central es la alfabetizaci\u00f3n integral, se desarrollan diferentes propuestas espec\u00edficas para cada nivel y modalidad educativa, hoy ya son m\u00e1s de 65 mil docentes activos y sin cargos que accedieron de manera gratuita y a trav\u00e9s del uso de la tecnolog\u00eda.<\/p>\n\n\n\n<p>Mejorar la ense\u00f1anza para que los ni\u00f1os aprendan a leer y a escribir en el Primer Ciclo<br>La ministra de Educaci\u00f3n de la Provincia, Sof\u00eda Naidenoff, este viernes dio la bienvenida al trayecto de formaci\u00f3n \u201cAlfabetizaci\u00f3n Temprana e Inicial\u201d, manifestando \u201cla alegr\u00eda de poder saludar a todos los docentes que participan de esta capacitaci\u00f3n, que sin dudas, brinda herramientas para que puedan aplicar en el aula\u201d\u00a0 con el fin de mejorar los m\u00e9todos de ense\u00f1anza para que los ni\u00f1os aprendan a leer y a escribir en el Primer Ciclo.<br>\u201cEn este tiempo he recorrido varias localidades de la provincia y donde voy los docentes est\u00e1n muy contentos con las propuestas de capacitaci\u00f3n docente continua y con el modelo innovador del dictado; muchos me dicen que este es el camino correcto\u201d, expres\u00f3 la ministra Naidenoff.\u00a0 \u00a0 \u00a0<br>Por su parte la disertante Lic. Florencia Salvarezza, quien expuso a trav\u00e9s del canal de YouTube de la plataforma Somos Futuro con la promesa que el pr\u00f3ximo encuentro ser\u00e1 presencial, se\u00f1al\u00f3:\u00a0 \u201cVamos a hablar sobre las bases, los fundamentos de la lectura y la escritura\u201d, haciendo una introducci\u00f3n sobre la educaci\u00f3n del Siglo XXI, recordando que: \u201ceste tema era como lo que se ven\u00eda; y resulta que ya estamos transcurriendo un cuarto de este siglo. Pero, a pesar de todo tenemos que volver sobre algunos conceptos, como nada se puede hacer en un aula sin ense\u00f1ar a leer\u201d, afirm\u00f3, desarrollando que la educaci\u00f3n del Siglo XXI tiene como eje \u201cuna educaci\u00f3n heterog\u00e9nea con diversidad en el aula\u201d.<\/p>\n\n\n\n<p>Capacitaci\u00f3n: \u201cAlfabetizaci\u00f3n Avanzada y Acad\u00e9mica\u201d<br>Vale destacar que dentro de Red Aprende, el lunes 23 de septiembre, a las 9, est\u00e1 previsto el segundo encuentro presencial en Resistencia y sincr\u00f3nico de la capacitaci\u00f3n \u201cAlfabetizaci\u00f3n Avanzada y Acad\u00e9mica\u201d destinada a docentes del segundo y tercer ciclo de nivel Primario y del Ciclo B\u00e1sico de nivel Secundario.<br>Las responsables son las profesoras Mar\u00eda Julia Simoni y Mabel Lobo, quienes avanzan con la capacitaci\u00f3n en base al Plan Nacional de Alfabetizaci\u00f3n y el Plan Somos Alfabetizaci\u00f3n Chaco, por eso \u201cesta formaci\u00f3n apunta a fortalecer la lectura en el aula para aprender&#8221;, se\u00f1alaron.<br>Todos los trayectos de Red Aprende son gratuitos y se concretan a trav\u00e9s de aulas de la plataforma `ELE`, lo que permite que cada docente pueda administrar sus tiempos, garantizando el recorrido de manera sincr\u00f3nica y asincr\u00f3nica. Los mismos tienen propuestas con trabajos en aulas virtuales, que son acompa\u00f1ados de tres encuentros presenciales de 3 horas, con todos los docentes. Adem\u00e1s, participan de tres encuentros online, de 2 horas cada uno, y dos encuentros presenciales de 2 horas luego de los encuentros con los docentes. Cada aula tiene su estructura y albergan comisiones de cursantes con un m\u00e1ximo de 50 participantes, con la figura de un tutor responsable del seguimiento, orientaci\u00f3n, dinamizaci\u00f3n y acompa\u00f1amiento de los capacitandos. Este innovador programa de capacitaci\u00f3n, que garantiza los tres puntos establecidos en el Estatuto del Docente, fue aprobado por la C\u00e1mara de Diputados del Chaco mediante Ley 1265\/24.<\/p>\n\n\n\n<p>Nuevo curso: higiene y seguridad<br>Por otro lado, se lanz\u00f3 otra l\u00ednea de formaci\u00f3n, un nuevo curso de \u201cHigiene y Seguridad en los Establecimientos Educativos de la Modalidad T\u00e9cnica Profesional\u201d, que comenzar\u00e1 el mi\u00e9rcoles 25 de septiembre a las 18, de manera virtual por la plataforma Somos Futuro. Est\u00e1 destinado a docentes de escuelas secundarias t\u00e9cnicas, de Formaci\u00f3n Profesional y Maestros de Ense\u00f1anza Pr\u00e1ctica (MEP).\u00a0<\/p>\n\n\n\n<p><strong>La inscripci\u00f3n est\u00e1 abierta a trav\u00e9s de formulario https:\/\/bit.ly\/capacitacion-FP<\/strong><\/p>\n","protected":false},"excerpt":{"rendered":"<p>Se realiz\u00f3 este viernes otra instancia \u2013sincr\u00f3nica virtual- de la Capacitaci\u00f3n del Programa de Formaci\u00f3n Docente Continua Red Aprende\u00a0 de \u201cAlfabetizaci\u00f3n Temprana e Inicial\u201d, a cargo de Florencia Salvarezza, la cual cursan m\u00e1s de 18 mil docentes, directivos y supervisores de nivel Inicial y del primer ciclo de nivel Primario.En estos casi dos meses de [&hellip;]<\/p>\n","protected":false},"author":2,"featured_media":2164,"comment_status":"open","ping_status":"open","sticky":false,"template":"","format":"standard","meta":{"footnotes":""},"categories":[28],"tags":[],"class_list":{"0":"post-2163","1":"post","2":"type-post","3":"status-publish","4":"format-standard","5":"has-post-thumbnail","7":"category-locales"},"aioseo_notices":[],"_links":{"self":[{"href":"https:\/\/lalupa24.com.ar\/index.php\/wp-json\/wp\/v2\/posts\/2163","targetHints":{"allow":["GET"]}}],"collection":[{"href":"https:\/\/lalupa24.com.ar\/index.php\/wp-json\/wp\/v2\/posts"}],"about":[{"href":"https:\/\/lalupa24.com.ar\/index.php\/wp-json\/wp\/v2\/types\/post"}],"author":[{"embeddable":true,"href":"https:\/\/lalupa24.com.ar\/index.php\/wp-json\/wp\/v2\/users\/2"}],"replies":[{"embeddable":true,"href":"https:\/\/lalupa24.com.ar\/index.php\/wp-json\/wp\/v2\/comments?post=2163"}],"version-history":[{"count":2,"href":"https:\/\/lalupa24.com.ar\/index.php\/wp-json\/wp\/v2\/posts\/2163\/revisions"}],"predecessor-version":[{"id":2166,"href":"https:\/\/lalupa24.com.ar\/index.php\/wp-json\/wp\/v2\/posts\/2163\/revisions\/2166"}],"wp:featuredmedia":[{"embeddable":true,"href":"https:\/\/lalupa24.com.ar\/index.php\/wp-json\/wp\/v2\/media\/2164"}],"wp:attachment":[{"href":"https:\/\/lalupa24.com.ar\/index.php\/wp-json\/wp\/v2\/media?parent=2163"}],"wp:term":[{"taxonomy":"category","embeddable":true,"href":"https:\/\/lalupa24.com.ar\/index.php\/wp-json\/wp\/v2\/categories?post=2163"},{"taxonomy":"post_tag","embeddable":true,"href":"https:\/\/lalupa24.com.ar\/index.php\/wp-json\/wp\/v2\/tags?post=2163"}],"curies":[{"name":"wp","href":"https:\/\/api.w.org\/{rel}","templated":true}]}}