{"id":2180,"date":"2024-09-25T19:19:59","date_gmt":"2024-09-25T22:19:59","guid":{"rendered":"https:\/\/lalupa24.com.ar\/?p=2180"},"modified":"2024-09-25T19:19:59","modified_gmt":"2024-09-25T22:19:59","slug":"el-sector-comercial-tuvo-buena-recepcion-al-proyecto-de-ordenanza-general-tributaria-2025","status":"publish","type":"post","link":"https:\/\/lalupa24.com.ar\/index.php\/2024\/09\/25\/el-sector-comercial-tuvo-buena-recepcion-al-proyecto-de-ordenanza-general-tributaria-2025\/","title":{"rendered":"El sector comercial tuvo buena recepci\u00f3n al proyecto de ordenanza general tributaria 2025"},"content":{"rendered":"\n<p><\/p>\n\n\n\n<p>El proyecto de la Ordenanza General Tributaria para el ejercicio 2025 fue presentado a comerciantes de Resistencia, quienes se mostraron satisfechos por los beneficios que obtendr\u00e1n en materia impositiva y que redundar\u00e1 en un alivio en sus arcas. Esta iniciativa tuvo como expositores al presidente del Concejo Municipal de Resistencia, Alejandro Aradas, y al secretario de Econom\u00eda comunal, Ricardo Roff\u00e9.<\/p>\n\n\n\n<p>En nombre de la Asociaci\u00f3n de Quiosqueros del Chaco habl\u00f3 su titular, Rolando Kraemer: \u201cNos parece auspicioso, es participativo, nos plantearon sumarnos en caso de hacer modificaciones y nos encontramos con novedades en facilidades y habilitaciones, con disminuci\u00f3n de la tasa de Industria y Comercio de un 3,5 a un 2,5 por ciento para el a\u00f1o que viene, esto nos permitir\u00e1 aliviar las arcas\u201d.<\/p>\n\n\n\n<p>Alejandro L\u00f3pez, del Centro de Industriales Panaderos del Chaco, dijo a su vez que \u201ctodo lo que propusieron lo llevaron a cabo y tiraron unas ideas m\u00e1s. As\u00ed que conforme con lo propuesto y a la espera de que se pueda aprobar y que sea todo favorable para nosotros, para nuestro sector y para todos los comerciantes\u201d.<\/p>\n\n\n\n<p>Por su parte, Mat\u00edas Rafart, representando a la Asociaci\u00f3n de Hoteleros y Gastron\u00f3micos, indic\u00f3 que \u201cvinimos a la presentaci\u00f3n de un proyecto que cambia una ordenanza que creo que hace bastante tiempo no ten\u00eda una modificaci\u00f3n y por el tema de la baja de una tasa de impuesto que para cualquier comerciante significa un mont\u00f3n en estos momentos.<\/p>\n\n\n\n<p>Mientras que Walter Bistman, presidente de la C\u00e1mara de Comercio de Resistencia, consider\u00f3 \u201cmuy importante la reducci\u00f3n de los tributos, de impuestos y tambi\u00e9n en todo lo que se ha dado para lo que es un riesgo bajo, un comercio de indumentaria que sea menos de 100 metros cuadrados que va a estar sin costo y eso es muy bueno porque eso va a potenciar la econom\u00eda de la ciudad de Resistencia\u201d.<\/p>\n\n\n\n<p>Siguiendo con este aspecto, Alejandro Aradas explic\u00f3 que la presentaci\u00f3n fue dirigida todas las instituciones, a la C\u00e1mara de Comercio y al Consejo de Ciencia Econ\u00f3micas, entre otras. \u201cSe confeccion\u00f3 un proyecto, tanto de tributaria como impositiva, con una reducci\u00f3n en general importante porque las intenciones del intendente Roy Nikisch, que permanentemente las est\u00e1 transmitiendo a todo el sector, es la de bajar la incidencia de los impuestos en los comerciantes, pero aumentar la base para que cobremos menos a cada uno, pero que sean m\u00e1s los que paguen\u201d.<\/p>\n\n\n\n<p>Finalmente, Ricardo Roff\u00e9 se\u00f1al\u00f3: \u201cos pareci\u00f3 que tuvo una buena acogida por parte de ellos, pr\u00e1cticamente se tuvo en cuenta la mayor\u00eda de los reclamos que ellos hab\u00edan realizado, que ven\u00edamos conversando ya hace varios meses, as\u00ed que bueno, creo que en forma satisfactoria tuvieron una charla con los concejales, que son en definitiva tambi\u00e9n quienes van a tratar estos proyectos\u201d.<\/p>\n","protected":false},"excerpt":{"rendered":"<p>El proyecto de la Ordenanza General Tributaria para el ejercicio 2025 fue presentado a comerciantes de Resistencia, quienes se mostraron satisfechos por los beneficios que obtendr\u00e1n en materia impositiva y que redundar\u00e1 en un alivio en sus arcas. Esta iniciativa tuvo como expositores al presidente del Concejo Municipal de Resistencia, Alejandro Aradas, y al secretario [&hellip;]<\/p>\n","protected":false},"author":12,"featured_media":2181,"comment_status":"open","ping_status":"open","sticky":false,"template":"","format":"standard","meta":{"footnotes":""},"categories":[28],"tags":[],"class_list":{"0":"post-2180","1":"post","2":"type-post","3":"status-publish","4":"format-standard","5":"has-post-thumbnail","7":"category-locales"},"aioseo_notices":[],"_links":{"self":[{"href":"https:\/\/lalupa24.com.ar\/index.php\/wp-json\/wp\/v2\/posts\/2180","targetHints":{"allow":["GET"]}}],"collection":[{"href":"https:\/\/lalupa24.com.ar\/index.php\/wp-json\/wp\/v2\/posts"}],"about":[{"href":"https:\/\/lalupa24.com.ar\/index.php\/wp-json\/wp\/v2\/types\/post"}],"author":[{"embeddable":true,"href":"https:\/\/lalupa24.com.ar\/index.php\/wp-json\/wp\/v2\/users\/12"}],"replies":[{"embeddable":true,"href":"https:\/\/lalupa24.com.ar\/index.php\/wp-json\/wp\/v2\/comments?post=2180"}],"version-history":[{"count":1,"href":"https:\/\/lalupa24.com.ar\/index.php\/wp-json\/wp\/v2\/posts\/2180\/revisions"}],"predecessor-version":[{"id":2182,"href":"https:\/\/lalupa24.com.ar\/index.php\/wp-json\/wp\/v2\/posts\/2180\/revisions\/2182"}],"wp:featuredmedia":[{"embeddable":true,"href":"https:\/\/lalupa24.com.ar\/index.php\/wp-json\/wp\/v2\/media\/2181"}],"wp:attachment":[{"href":"https:\/\/lalupa24.com.ar\/index.php\/wp-json\/wp\/v2\/media?parent=2180"}],"wp:term":[{"taxonomy":"category","embeddable":true,"href":"https:\/\/lalupa24.com.ar\/index.php\/wp-json\/wp\/v2\/categories?post=2180"},{"taxonomy":"post_tag","embeddable":true,"href":"https:\/\/lalupa24.com.ar\/index.php\/wp-json\/wp\/v2\/tags?post=2180"}],"curies":[{"name":"wp","href":"https:\/\/api.w.org\/{rel}","templated":true}]}}