{"id":2202,"date":"2024-09-26T08:51:19","date_gmt":"2024-09-26T11:51:19","guid":{"rendered":"https:\/\/lalupa24.com.ar\/?p=2202"},"modified":"2024-09-26T08:51:20","modified_gmt":"2024-09-26T11:51:20","slug":"educacion-lamenta-este-ano-no-podra-participar-de-la-maraton-nacional-de-lectura","status":"publish","type":"post","link":"https:\/\/lalupa24.com.ar\/index.php\/2024\/09\/26\/educacion-lamenta-este-ano-no-podra-participar-de-la-maraton-nacional-de-lectura\/","title":{"rendered":"Educaci\u00f3n lamenta este a\u00f1o no podr\u00e1 participar de la marat\u00f3n nacional de lectura"},"content":{"rendered":"\n<p><\/p>\n\n\n\n<p>El Ministerio de Educaci\u00f3n, a trav\u00e9s del Plan Provincial de Lectura, por medio de un comunicado de prensa lament\u00f3 informar que se ha decidido no participar de la Marat\u00f3n Nacional de Lectura 2024 a realizarse el 27 de septiembre en todas las escuelas. Esto es como consecuencia de que fue v\u00edctima de un ataque digital artero y an\u00f3nimo que perjudic\u00f3 la representaci\u00f3n de Chaco en este evento a nivel pa\u00eds, al igual que las provincias de Corrientes y Santa Fe, ya que hackearon los correos electr\u00f3nicos desde donde se deb\u00edan enviar los textos elaborados por las instituciones educativas y se viralizaron textos obscenos y malintencionados que NO corresponden a la propuesta para la marat\u00f3n y que no representan la esencia de la alfabetizaci\u00f3n.<br>\u201cNo vamos a permitir que se le atribuya responsabilidad alguna al ministerio y sus dependencias que desde el primer d\u00eda de su gesti\u00f3n han velado por una educaci\u00f3n de calidad que llegue al 100 por ciento de los estudiantes chaque\u00f1os; y sin dudas refiere a comportamientos que no simbolizan las metas educativas que perseguimos y carece de todo tipo de valores que se anhelan para los docentes y alumnos de la provincia\u201d, expresa el coordinador del Plan Provincial de Lectura, Cristian Terzich.<br>En este mismo comunicado, agradeci\u00f3 \u201cprofundamente el inter\u00e9s puesto en la propuesta por las instituciones educativas participantes\u201d y los inst\u00f3 \u201ca seguir adelante trabajando juntos para promover cotidianamente pr\u00e1cticas que s\u00ed potencian las capacidades y los valores de nuestros estudiantes\u201d.<\/p>\n","protected":false},"excerpt":{"rendered":"<p>El Ministerio de Educaci\u00f3n, a trav\u00e9s del Plan Provincial de Lectura, por medio de un comunicado de prensa lament\u00f3 informar que se ha decidido no participar de la Marat\u00f3n Nacional de Lectura 2024 a realizarse el 27 de septiembre en todas las escuelas. Esto es como consecuencia de que fue v\u00edctima de un ataque digital [&hellip;]<\/p>\n","protected":false},"author":12,"featured_media":2203,"comment_status":"open","ping_status":"open","sticky":false,"template":"","format":"standard","meta":{"footnotes":""},"categories":[28],"tags":[],"class_list":{"0":"post-2202","1":"post","2":"type-post","3":"status-publish","4":"format-standard","5":"has-post-thumbnail","7":"category-locales"},"aioseo_notices":[],"_links":{"self":[{"href":"https:\/\/lalupa24.com.ar\/index.php\/wp-json\/wp\/v2\/posts\/2202","targetHints":{"allow":["GET"]}}],"collection":[{"href":"https:\/\/lalupa24.com.ar\/index.php\/wp-json\/wp\/v2\/posts"}],"about":[{"href":"https:\/\/lalupa24.com.ar\/index.php\/wp-json\/wp\/v2\/types\/post"}],"author":[{"embeddable":true,"href":"https:\/\/lalupa24.com.ar\/index.php\/wp-json\/wp\/v2\/users\/12"}],"replies":[{"embeddable":true,"href":"https:\/\/lalupa24.com.ar\/index.php\/wp-json\/wp\/v2\/comments?post=2202"}],"version-history":[{"count":1,"href":"https:\/\/lalupa24.com.ar\/index.php\/wp-json\/wp\/v2\/posts\/2202\/revisions"}],"predecessor-version":[{"id":2204,"href":"https:\/\/lalupa24.com.ar\/index.php\/wp-json\/wp\/v2\/posts\/2202\/revisions\/2204"}],"wp:featuredmedia":[{"embeddable":true,"href":"https:\/\/lalupa24.com.ar\/index.php\/wp-json\/wp\/v2\/media\/2203"}],"wp:attachment":[{"href":"https:\/\/lalupa24.com.ar\/index.php\/wp-json\/wp\/v2\/media?parent=2202"}],"wp:term":[{"taxonomy":"category","embeddable":true,"href":"https:\/\/lalupa24.com.ar\/index.php\/wp-json\/wp\/v2\/categories?post=2202"},{"taxonomy":"post_tag","embeddable":true,"href":"https:\/\/lalupa24.com.ar\/index.php\/wp-json\/wp\/v2\/tags?post=2202"}],"curies":[{"name":"wp","href":"https:\/\/api.w.org\/{rel}","templated":true}]}}