{"id":2224,"date":"2024-09-27T09:53:54","date_gmt":"2024-09-27T12:53:54","guid":{"rendered":"https:\/\/lalupa24.com.ar\/?p=2224"},"modified":"2024-10-08T10:16:07","modified_gmt":"2024-10-08T13:16:07","slug":"caputo-dijo-que-de-no-ser-por-el-gobierno-la-cifra-de-pobreza-podria-haber-llegado-hasta-el-90","status":"publish","type":"post","link":"https:\/\/lalupa24.com.ar\/index.php\/2024\/09\/27\/caputo-dijo-que-de-no-ser-por-el-gobierno-la-cifra-de-pobreza-podria-haber-llegado-hasta-el-90\/","title":{"rendered":"Caputo dijo que de no ser por el Gobierno la cifra de pobreza \u201cpodr\u00eda haber llegado hasta el 90%\u201d"},"content":{"rendered":"\n<p>Este jueves el Indec dio a conocer los datos: casi 25 millones de argentinos son pobres, la cifra m\u00e1s alta en 20 a\u00f1os.<\/p>\n\n\n\n<p>El Instituto de Estad\u00edsticas y Censo (Indec) dio a conocer este jueves las<strong>\u00a0cifras de\u00a0pobreza e indigencia\u00a0en la Argentina durante el primer semestre del a\u00f1o<\/strong>\u00a0y los n\u00fameros golpearon con dureza:\u00a0<strong>52,9%\u00a0<\/strong>en el caso de las las personas de 31 aglomerados urbanos relevados por la Encuesta Permanente de Hogares, lo que se traduce en que la cantidad de pobres lleg\u00f3 a casi 25 millones de personas en todo el pa\u00eds.<\/p>\n\n\n\n<p>El Instituto de Estad\u00edsticas y Censo (Indec) dio a conocer este jueves las<strong>&nbsp;cifras de&nbsp;<\/strong><a href=\"https:\/\/viapais.com.ar\/concordia\/concordia-se-ubica-como-la-tercera-ciudad-en-indigencia-y-quinta-en-pobreza-a-nivel-nacional\/\" target=\"_blank\" rel=\"noreferrer noopener\"><strong>pobreza e indigencia&nbsp;<\/strong><\/a><strong>en la Argentina durante el primer semestre del a\u00f1o<\/strong>&nbsp;y los n\u00fameros golpearon con dureza:&nbsp;<strong>52,9%&nbsp;<\/strong>en el caso de las las personas de 31 aglomerados urbanos relevados por la Encuesta Permanente de Hogares, lo que se traduce en que la cantidad de pobres lleg\u00f3 a casi 25 millones de personas en todo el pa\u00eds.<\/p>\n\n\n\n<p><a href=\"https:\/\/viapais.com.ar\/economia\/las-jubilaciones-minimas-quedaron-por-debajo-de-la-linea-de-pobreza\/\"><\/a><\/p>\n\n\n\n<h2 class=\"wp-block-heading\"><\/h2>\n\n\n\n<p>Se trata de la cifra&nbsp;<strong>m\u00e1s alta de los \u00faltimos 20 a\u00f1os<\/strong>&nbsp;tomando las mediciones oficiales y no oficiales. Sobre esto, el ministro de Econom\u00eda, Luis Caputo, dijo que el n\u00famero no fue mayor porque el Gobierno \u201cevit\u00f3 una cat\u00e1strofe\u201d.<\/p>\n\n\n\n<p>El funcionario de Javier Milei comparti\u00f3 un gr\u00e1fico mostrando la tasa hist\u00f3rica de pobreza en el pa\u00eds en los \u00faltimos a\u00f1os y dijo: \u201cMuestra de manera elocuente la diferencia cuando el ajuste lo hace el mercado versus un programa econ\u00f3mico serio\u201d.<\/p>\n\n\n\n<p>\u201cDesde una situaci\u00f3n mucho menos cr\u00edtica, post crisis 2001, la tasa de pobreza casi se duplic\u00f3 para llegar al 58%. Prueba contundente que no es una exageraci\u00f3n cuando el presidente Javier Milei dice que si no hubi\u00e9ramos evitado la cat\u00e1strofe que muchos predec\u00edan, la pobreza podr\u00eda haber llegado a niveles de 80 o 90 %\u201d, remarc\u00f3.<\/p>\n\n\n\n<p>Concluy\u00f3: \u201cNos espera un futuro mucho mejor a todos los argentinos\u201d.<\/p>\n","protected":false},"excerpt":{"rendered":"<p>Este jueves el Indec dio a conocer los datos: casi 25 millones de argentinos son pobres, la cifra m\u00e1s alta en 20 a\u00f1os. El Instituto de Estad\u00edsticas y Censo (Indec) dio a conocer este jueves las\u00a0cifras de\u00a0pobreza e indigencia\u00a0en la Argentina durante el primer semestre del a\u00f1o\u00a0y los n\u00fameros golpearon con dureza:\u00a052,9%\u00a0en el caso de [&hellip;]<\/p>\n","protected":false},"author":2,"featured_media":2225,"comment_status":"open","ping_status":"open","sticky":false,"template":"","format":"standard","meta":{"footnotes":""},"categories":[24],"tags":[],"class_list":{"0":"post-2224","1":"post","2":"type-post","3":"status-publish","4":"format-standard","5":"has-post-thumbnail","7":"category-economia"},"aioseo_notices":[],"_links":{"self":[{"href":"https:\/\/lalupa24.com.ar\/index.php\/wp-json\/wp\/v2\/posts\/2224","targetHints":{"allow":["GET"]}}],"collection":[{"href":"https:\/\/lalupa24.com.ar\/index.php\/wp-json\/wp\/v2\/posts"}],"about":[{"href":"https:\/\/lalupa24.com.ar\/index.php\/wp-json\/wp\/v2\/types\/post"}],"author":[{"embeddable":true,"href":"https:\/\/lalupa24.com.ar\/index.php\/wp-json\/wp\/v2\/users\/2"}],"replies":[{"embeddable":true,"href":"https:\/\/lalupa24.com.ar\/index.php\/wp-json\/wp\/v2\/comments?post=2224"}],"version-history":[{"count":1,"href":"https:\/\/lalupa24.com.ar\/index.php\/wp-json\/wp\/v2\/posts\/2224\/revisions"}],"predecessor-version":[{"id":2226,"href":"https:\/\/lalupa24.com.ar\/index.php\/wp-json\/wp\/v2\/posts\/2224\/revisions\/2226"}],"wp:featuredmedia":[{"embeddable":true,"href":"https:\/\/lalupa24.com.ar\/index.php\/wp-json\/wp\/v2\/media\/2225"}],"wp:attachment":[{"href":"https:\/\/lalupa24.com.ar\/index.php\/wp-json\/wp\/v2\/media?parent=2224"}],"wp:term":[{"taxonomy":"category","embeddable":true,"href":"https:\/\/lalupa24.com.ar\/index.php\/wp-json\/wp\/v2\/categories?post=2224"},{"taxonomy":"post_tag","embeddable":true,"href":"https:\/\/lalupa24.com.ar\/index.php\/wp-json\/wp\/v2\/tags?post=2224"}],"curies":[{"name":"wp","href":"https:\/\/api.w.org\/{rel}","templated":true}]}}