{"id":2230,"date":"2024-09-27T09:59:04","date_gmt":"2024-09-27T12:59:04","guid":{"rendered":"https:\/\/lalupa24.com.ar\/?p=2230"},"modified":"2024-09-27T09:59:06","modified_gmt":"2024-09-27T12:59:06","slug":"se-conocio-la-primera-foto-de-susana-gimenez-en-la-casa-rosada-que-se-sabe-de-la-entrevista-con-javier-milei","status":"publish","type":"post","link":"https:\/\/lalupa24.com.ar\/index.php\/2024\/09\/27\/se-conocio-la-primera-foto-de-susana-gimenez-en-la-casa-rosada-que-se-sabe-de-la-entrevista-con-javier-milei\/","title":{"rendered":"Se conoci\u00f3 la primera foto de Susana Gim\u00e9nez en la Casa Rosada: qu\u00e9 se sabe de la entrevista con Javier Milei"},"content":{"rendered":"\n<p>Tras el regreso de la diva a Telefe, se prepara el encuentro con el presidente de la Naci\u00f3n.<\/p>\n\n\n\n<p><strong>Susana Gim\u00e9nez<\/strong>\u00a0regres\u00f3 con gran \u00e9xito a la pantalla chica el pasado domingo y enseguida comenz\u00f3 a haber especulaciones respecto de c\u00f3mo seguir\u00eda el cronograma de invitados. En ese marco, se supo que la diva entrevistar\u00e1 a\u00a0<strong>Javier Milei.<\/strong><\/p>\n\n\n\n<p>Luego de un exitoso comienzo con la participaci\u00f3n de Mar\u00eda Becerra y de los campeones del mundo Rodrigo De Paul y Leandro Paredes, la apuesta comenz\u00f3 a subirse en relaci\u00f3n a quienes ser\u00edan los pr\u00f3ximos en sentarse en el living de la conductora.<\/p>\n\n\n\n<figure class=\"wp-block-image\"><img decoding=\"async\" src=\"https:\/\/www.viapais.com.ar\/resizer\/v2\/MGTDXM54EFFOXNHKZ5QNBLTPX4.png?auth=471ab42a6b2824745272bdfb9f5bf4864db6ef2b2a626b0ba46c6b7436851902&amp;width=1300&amp;height=867\" alt=\"Susana Gim\u00e9nez en su programa. (Foto: Prensa Telefe)\"\/><figcaption class=\"wp-element-caption\">Susana Gim\u00e9nez en su programa. (Foto: Prensa Telefe)<\/figcaption><\/figure>\n\n\n\n<p>En la \u00faltimas horas, y a ra\u00edz del esc\u00e1ndalo que se gener\u00f3 alrededor de su separaci\u00f3n de&nbsp;<strong>Roberto Garc\u00eda Morit\u00e1n<\/strong>, se supo que hay tratativas para que&nbsp;<strong>Pampita&nbsp;<\/strong>le cuente a Susana detalles del momento que atraviesa. Y tambi\u00e9n, por supuesto, habr\u00eda ciertas condiciones puestas por la modelo.<\/p>\n\n\n\n<p><\/p>\n\n\n\n<h2 class=\"wp-block-heading\">Javier Milei con Susana Gim\u00e9nez<\/h2>\n\n\n\n<p>Sabiendo la postura pol\u00edtica de la diva de los tel\u00e9fonos, uno de los encuentros que para algunos se ca\u00eda de maduro era el que podr\u00eda tener con el&nbsp;<strong>presidente Javier Milei.<\/strong><\/p>\n\n\n\n<p>Este mi\u00e9rcoles se confirm\u00f3 que efectivamente habr\u00e1 una&nbsp;<strong>entrevista pero grabada<\/strong>. Se espera que salga al aire el<strong>&nbsp;pr\u00f3ximo domingo<\/strong>&nbsp;y este jueves se conoci\u00f3 la primera imagen de la rubia en la<strong>&nbsp;Casa Rosada<\/strong>, donde se concret\u00f3 la reuni\u00f3n.<\/p>\n\n\n\n<figure class=\"wp-block-image\"><img decoding=\"async\" src=\"https:\/\/www.viapais.com.ar\/resizer\/v2\/6IR735IGRFA2JAENEYSSLGMMSA.jfif?auth=eac3f2200f9cbf3a7fc95a37474761f2955da530611e76550d18ee7c2a351ad6&amp;width=1192&amp;height=1600\" alt=\"Susana Gim\u00e9nez, Karina Milei y Thor\"\/><figcaption class=\"wp-element-caption\">Susana Gim\u00e9nez, Karina Milei y Thor<\/figcaption><\/figure>\n\n\n\n<p>La foto en cuesti\u00f3n fue publicada por<strong>&nbsp;Karina Milei<\/strong>, secretaria general de la Presidencia, y fue muy especial: en la imagen se las ve a ambas nada menos que con&nbsp;<strong>Thor<\/strong>, el boyero que es mascota de la hermana del mandatario.<\/p>\n","protected":false},"excerpt":{"rendered":"<p>Tras el regreso de la diva a Telefe, se prepara el encuentro con el presidente de la Naci\u00f3n. Susana Gim\u00e9nez\u00a0regres\u00f3 con gran \u00e9xito a la pantalla chica el pasado domingo y enseguida comenz\u00f3 a haber especulaciones respecto de c\u00f3mo seguir\u00eda el cronograma de invitados. En ese marco, se supo que la diva entrevistar\u00e1 a\u00a0Javier Milei. [&hellip;]<\/p>\n","protected":false},"author":2,"featured_media":2231,"comment_status":"open","ping_status":"open","sticky":false,"template":"","format":"standard","meta":{"footnotes":""},"categories":[1],"tags":[],"class_list":{"0":"post-2230","1":"post","2":"type-post","3":"status-publish","4":"format-standard","5":"has-post-thumbnail","7":"category-blog"},"aioseo_notices":[],"_links":{"self":[{"href":"https:\/\/lalupa24.com.ar\/index.php\/wp-json\/wp\/v2\/posts\/2230","targetHints":{"allow":["GET"]}}],"collection":[{"href":"https:\/\/lalupa24.com.ar\/index.php\/wp-json\/wp\/v2\/posts"}],"about":[{"href":"https:\/\/lalupa24.com.ar\/index.php\/wp-json\/wp\/v2\/types\/post"}],"author":[{"embeddable":true,"href":"https:\/\/lalupa24.com.ar\/index.php\/wp-json\/wp\/v2\/users\/2"}],"replies":[{"embeddable":true,"href":"https:\/\/lalupa24.com.ar\/index.php\/wp-json\/wp\/v2\/comments?post=2230"}],"version-history":[{"count":1,"href":"https:\/\/lalupa24.com.ar\/index.php\/wp-json\/wp\/v2\/posts\/2230\/revisions"}],"predecessor-version":[{"id":2232,"href":"https:\/\/lalupa24.com.ar\/index.php\/wp-json\/wp\/v2\/posts\/2230\/revisions\/2232"}],"wp:featuredmedia":[{"embeddable":true,"href":"https:\/\/lalupa24.com.ar\/index.php\/wp-json\/wp\/v2\/media\/2231"}],"wp:attachment":[{"href":"https:\/\/lalupa24.com.ar\/index.php\/wp-json\/wp\/v2\/media?parent=2230"}],"wp:term":[{"taxonomy":"category","embeddable":true,"href":"https:\/\/lalupa24.com.ar\/index.php\/wp-json\/wp\/v2\/categories?post=2230"},{"taxonomy":"post_tag","embeddable":true,"href":"https:\/\/lalupa24.com.ar\/index.php\/wp-json\/wp\/v2\/tags?post=2230"}],"curies":[{"name":"wp","href":"https:\/\/api.w.org\/{rel}","templated":true}]}}