{"id":2254,"date":"2024-09-28T12:27:53","date_gmt":"2024-09-28T15:27:53","guid":{"rendered":"https:\/\/lalupa24.com.ar\/?p=2254"},"modified":"2024-09-28T12:27:54","modified_gmt":"2024-09-28T15:27:54","slug":"milei-declarara-a-la-empresa-aerolineas-argentinas-sujeta-a-privatizacion","status":"publish","type":"post","link":"https:\/\/lalupa24.com.ar\/index.php\/2024\/09\/28\/milei-declarara-a-la-empresa-aerolineas-argentinas-sujeta-a-privatizacion\/","title":{"rendered":"Milei declarar\u00e1 a la empresa Aerol\u00edneas Argentinas sujeta a privatizaci\u00f3n"},"content":{"rendered":"\n<p>Lo anunci\u00f3 el vocero presidencial. La novedad se da en medio del conflicto con los gremios.<\/p>\n\n\n\n<p>El vocero presidencial&nbsp;<strong>Manuel Adorni anunci\u00f3 este viernes&nbsp;<\/strong>que el presidente<strong>&nbsp;Javier Milei<\/strong>&nbsp;firmar\u00e1 un decreto que declarar\u00e1 a la empresa Aerol\u00edneas Argentinas sujeta a<strong>&nbsp;privatizaci\u00f3n<\/strong>, en medio de una disputa con los gremios que desencaden\u00f3 paros y medidas de fuerza que ocasionaron serios problemas en las operaciones rugulares de la compa\u00f1\u00eda.<\/p>\n\n\n\n<h2 class=\"wp-block-heading\">Qu\u00e9 dijo Adorni sobre Aerol\u00edneas<\/h2>\n\n\n\n<p>\u201cEl Presidente de la Naci\u00f3n va a firmar un decreto que va a declarar a la empresa Aerol\u00edneas Argentinas sujeta a privatizaci\u00f3n tal como lo habilita el art\u00edculo noveno de la ley 23696, llamada Ley de Reforma del Estado\u201d, asegur\u00f3 el funcionario en rueda de prensa.Play Video<\/p>\n\n\n\n<p>\u201cAerol\u00edneas Argentinas arrastra un d\u00e9ficit cr\u00f3nico a ra\u00edz de las desastrosas gestiones que llevaron todos y cada uno de los gobiernos populistas lo que provoca la necesidad de efectuar constantes transferencias de recursos p\u00fablicos que ponen en riesgo la sostenibilidad fiscal. Desde su estatizaci\u00f3n en 2008, los aportes del Estado nacional superan los U$S 8 mil millones. \u00bfPor qu\u00e9 los argentinos que nunca han viajado en su vida deben cubrir esta atrocidad? No tiene absolutamente ning\u00fan sentido. Evidentemente la falta de empat\u00eda ha reinado en la Argentina en los \u00faltimos a\u00f1os\u201d, argument\u00f3 Adorni.<\/p>\n\n\n\n<h2 class=\"wp-block-heading\">El Gobierno no consigui\u00f3 los apoyos para avanzar en la privatizaci\u00f3n<\/h2>\n\n\n\n<p>Con el impulso de los aliados del PRO que presentaron el proyecto,<strong>&nbsp;el Gobierno defendi\u00f3 el mi\u00e9rcoles en Diputados su plan de privatizaci\u00f3n de Aerol\u00edneas<\/strong>, ampar\u00e1ndose en el d\u00e9ficit de la compa\u00f1\u00eda y los paros de los gremios.<\/p>\n","protected":false},"excerpt":{"rendered":"<p>Lo anunci\u00f3 el vocero presidencial. La novedad se da en medio del conflicto con los gremios. El vocero presidencial&nbsp;Manuel Adorni anunci\u00f3 este viernes&nbsp;que el presidente&nbsp;Javier Milei&nbsp;firmar\u00e1 un decreto que declarar\u00e1 a la empresa Aerol\u00edneas Argentinas sujeta a&nbsp;privatizaci\u00f3n, en medio de una disputa con los gremios que desencaden\u00f3 paros y medidas de fuerza que ocasionaron serios [&hellip;]<\/p>\n","protected":false},"author":2,"featured_media":2255,"comment_status":"open","ping_status":"open","sticky":false,"template":"","format":"standard","meta":{"footnotes":""},"categories":[26],"tags":[],"class_list":{"0":"post-2254","1":"post","2":"type-post","3":"status-publish","4":"format-standard","5":"has-post-thumbnail","7":"category-nacionales"},"aioseo_notices":[],"_links":{"self":[{"href":"https:\/\/lalupa24.com.ar\/index.php\/wp-json\/wp\/v2\/posts\/2254","targetHints":{"allow":["GET"]}}],"collection":[{"href":"https:\/\/lalupa24.com.ar\/index.php\/wp-json\/wp\/v2\/posts"}],"about":[{"href":"https:\/\/lalupa24.com.ar\/index.php\/wp-json\/wp\/v2\/types\/post"}],"author":[{"embeddable":true,"href":"https:\/\/lalupa24.com.ar\/index.php\/wp-json\/wp\/v2\/users\/2"}],"replies":[{"embeddable":true,"href":"https:\/\/lalupa24.com.ar\/index.php\/wp-json\/wp\/v2\/comments?post=2254"}],"version-history":[{"count":1,"href":"https:\/\/lalupa24.com.ar\/index.php\/wp-json\/wp\/v2\/posts\/2254\/revisions"}],"predecessor-version":[{"id":2256,"href":"https:\/\/lalupa24.com.ar\/index.php\/wp-json\/wp\/v2\/posts\/2254\/revisions\/2256"}],"wp:featuredmedia":[{"embeddable":true,"href":"https:\/\/lalupa24.com.ar\/index.php\/wp-json\/wp\/v2\/media\/2255"}],"wp:attachment":[{"href":"https:\/\/lalupa24.com.ar\/index.php\/wp-json\/wp\/v2\/media?parent=2254"}],"wp:term":[{"taxonomy":"category","embeddable":true,"href":"https:\/\/lalupa24.com.ar\/index.php\/wp-json\/wp\/v2\/categories?post=2254"},{"taxonomy":"post_tag","embeddable":true,"href":"https:\/\/lalupa24.com.ar\/index.php\/wp-json\/wp\/v2\/tags?post=2254"}],"curies":[{"name":"wp","href":"https:\/\/api.w.org\/{rel}","templated":true}]}}