{"id":2260,"date":"2024-09-30T12:29:51","date_gmt":"2024-09-30T15:29:51","guid":{"rendered":"https:\/\/lalupa24.com.ar\/?p=2260"},"modified":"2024-09-30T12:29:54","modified_gmt":"2024-09-30T15:29:54","slug":"javier-milei-con-susana-gimenez-soy-bueno-como-economista-pero-no-hago-magia","status":"publish","type":"post","link":"https:\/\/lalupa24.com.ar\/index.php\/2024\/09\/30\/javier-milei-con-susana-gimenez-soy-bueno-como-economista-pero-no-hago-magia\/","title":{"rendered":"Javier Milei con Susana Gim\u00e9nez: \u201cSoy bueno como economista, pero no hago magia\u201d"},"content":{"rendered":"\n<p>En su segundo programa, la conductora entrevist\u00f3 al presidente de la naci\u00f3n desde la Casa Rosada.<\/p>\n\n\n\n<p>En su emisi\u00f3n de este domingo, el programa de&nbsp;<strong>Susana Gim\u00e9nez&nbsp;<\/strong>por&nbsp;<em>Telefe<\/em>&nbsp;present\u00f3 la entrevista que la conductora le realiz\u00f3 al presidente&nbsp;<strong>Javier Milei<\/strong>&nbsp;el jueves pasado en el Sal\u00f3n Blanco de la Casa Rosada.<\/p>\n\n\n\n<h2 class=\"wp-block-heading\">Lo m\u00e1s destacado de la charla entre Susana Gim\u00e9nez y Javier Milei<\/h2>\n\n\n\n<p>Luego de una introducci\u00f3n musicalizada con la canci\u00f3n original de la serie&nbsp;<strong>Succession<\/strong>, Susana present\u00f3 a&nbsp;<strong>Javier Milei<\/strong>&nbsp;y le agradeci\u00f3 por concederle la entrevista y recibirla en el Sal\u00f3n Blanco.<\/p>\n\n\n\n<p>\u201cEstamos empezando esto que me tiene nerviosa, presidente, porque ayer no pod\u00eda dormir de los nervios que ten\u00eda de venir a verlo. Pero gracias por recibirme en el Sal\u00f3n Blanco este que es un sue\u00f1o. Es un sue\u00f1o\u201d, expres\u00f3 la conductora.<\/p>\n\n\n\n<p>\u201cNo, esto es parte de la gloriosa Argentina. Esa Argentina que era pr\u00f3spera, que era la primera potencia mundial, que era admirada por todo el mundo, pero que despu\u00e9s fue destruida por el populismo\u201d, respondi\u00f3 Milei. \u201cSe trata de mantener las cosas, pero plata no hay\u201d, agreg\u00f3 el mandatario.<\/p>\n\n\n\n<p>Luego, se refiri\u00f3 a distintas cuestiones vinculadas a su gobierno. \u201cNosotros recibimos una herencia que constitu\u00eda lo peor de las tres crisis argentinas. Si la crisis hubiera estallado, hoy estar\u00edamos hablando de 95% de pobres\u201d, plante\u00f3 de entrada.<\/p>\n\n\n\n<p>All\u00ed Susana le devolvi\u00f3 el n\u00famero actual de pobreza, que alcanza a casi el 53% de la poblaci\u00f3n. \u201cEn este momento tenemos 55, \u00bfno?\u201d, desliz\u00f3&nbsp;<strong>Susana<\/strong>. Y Milei aclar\u00f3: \u201cEst\u00e1 bien. Las medidas van fluctuando, pero el punto es: el escenario alternativo era mucho peor\u201d.<\/p>\n\n\n\n<p><em>\u201cLa pobreza no se genera en un d\u00eda y no se elimina en un d\u00eda<\/em>. Yo soy bueno como economista y s\u00e9 de crecimiento, pero le voy a decir algo:&nbsp;<em>no hago magia, no puedo revertir 100 a\u00f1os en 9 meses<\/em>\u201d, expres\u00f3&nbsp;<strong>Javier Milei<\/strong>.<\/p>\n\n\n\n<p>\u201cEstamos cumpliendo todo\u201d, concedi\u00f3 sobre sus promesas de campa\u00f1a. \u201cAfortunadamente tenemos buenas noticias. Los distintos indicadores est\u00e1n mostrando que<em>&nbsp;el piso la econom\u00eda lo toc\u00f3 entre abril y mayo<\/em>, y que de ac\u00e1 para adelante s\u00f3lo quedan buenas noticias\u201d, defini\u00f3.<\/p>\n","protected":false},"excerpt":{"rendered":"<p>En su segundo programa, la conductora entrevist\u00f3 al presidente de la naci\u00f3n desde la Casa Rosada. En su emisi\u00f3n de este domingo, el programa de&nbsp;Susana Gim\u00e9nez&nbsp;por&nbsp;Telefe&nbsp;present\u00f3 la entrevista que la conductora le realiz\u00f3 al presidente&nbsp;Javier Milei&nbsp;el jueves pasado en el Sal\u00f3n Blanco de la Casa Rosada. Lo m\u00e1s destacado de la charla entre Susana Gim\u00e9nez [&hellip;]<\/p>\n","protected":false},"author":2,"featured_media":2261,"comment_status":"open","ping_status":"open","sticky":false,"template":"","format":"standard","meta":{"footnotes":""},"categories":[28],"tags":[],"class_list":{"0":"post-2260","1":"post","2":"type-post","3":"status-publish","4":"format-standard","5":"has-post-thumbnail","7":"category-locales"},"aioseo_notices":[],"_links":{"self":[{"href":"https:\/\/lalupa24.com.ar\/index.php\/wp-json\/wp\/v2\/posts\/2260","targetHints":{"allow":["GET"]}}],"collection":[{"href":"https:\/\/lalupa24.com.ar\/index.php\/wp-json\/wp\/v2\/posts"}],"about":[{"href":"https:\/\/lalupa24.com.ar\/index.php\/wp-json\/wp\/v2\/types\/post"}],"author":[{"embeddable":true,"href":"https:\/\/lalupa24.com.ar\/index.php\/wp-json\/wp\/v2\/users\/2"}],"replies":[{"embeddable":true,"href":"https:\/\/lalupa24.com.ar\/index.php\/wp-json\/wp\/v2\/comments?post=2260"}],"version-history":[{"count":1,"href":"https:\/\/lalupa24.com.ar\/index.php\/wp-json\/wp\/v2\/posts\/2260\/revisions"}],"predecessor-version":[{"id":2262,"href":"https:\/\/lalupa24.com.ar\/index.php\/wp-json\/wp\/v2\/posts\/2260\/revisions\/2262"}],"wp:featuredmedia":[{"embeddable":true,"href":"https:\/\/lalupa24.com.ar\/index.php\/wp-json\/wp\/v2\/media\/2261"}],"wp:attachment":[{"href":"https:\/\/lalupa24.com.ar\/index.php\/wp-json\/wp\/v2\/media?parent=2260"}],"wp:term":[{"taxonomy":"category","embeddable":true,"href":"https:\/\/lalupa24.com.ar\/index.php\/wp-json\/wp\/v2\/categories?post=2260"},{"taxonomy":"post_tag","embeddable":true,"href":"https:\/\/lalupa24.com.ar\/index.php\/wp-json\/wp\/v2\/tags?post=2260"}],"curies":[{"name":"wp","href":"https:\/\/api.w.org\/{rel}","templated":true}]}}