{"id":2279,"date":"2024-09-30T23:44:35","date_gmt":"2024-10-01T02:44:35","guid":{"rendered":"https:\/\/lalupa24.com.ar\/?p=2279"},"modified":"2024-09-30T23:44:36","modified_gmt":"2024-10-01T02:44:36","slug":"el-chamame-fue-protagonista-y-sono-con-fuerza-en-la-feria-de-turismo-mas-grande-del-pais","status":"publish","type":"post","link":"https:\/\/lalupa24.com.ar\/index.php\/2024\/09\/30\/el-chamame-fue-protagonista-y-sono-con-fuerza-en-la-feria-de-turismo-mas-grande-del-pais\/","title":{"rendered":"El chamam\u00e9 fue protagonista y son\u00f3 con fuerza en la feria de turismo m\u00e1s grande del pa\u00eds"},"content":{"rendered":"\n<p>El Gobierno de Corrientes, a trav\u00e9s del Instituto de Cultura y en conjunto con el Ministerio de Turismo de la Provincia, promocion\u00f3 la 34\u00aa Fiesta Nacional del&nbsp; Chamam\u00e9 \u201cAv\u00edo del alma\u201d, en la Feria Internacional de Turismo (FIT), que se realiza desde el s\u00e1bado en La Rural de Palermo, en la ciudad de Buenos Aires.<\/p>\n\n\n\n<p>La presentaci\u00f3n se realiz\u00f3 ayer domingo a la tarde en el escenario exterior y en el stand que tiene la provincia de Corrientes en este evento, considerado uno de los m\u00e1s importantes de Am\u00e9rica Latina. Estuvieron presentes funcionarios del Instituto de Cultura y del ministerio de Turismo, como fue el caso de la titular de la cartera, Alejandra Eliciri.<br><br><br>Al igual que ocurri\u00f3 durante la semana en la v\u00eda p\u00fablica, con intervenciones art\u00edsticas en subtes y trenes, y luego en el exitoso lanzamiento realizado el s\u00e1bado en el Anfiteatro Parque Centenario, la m\u00fasica y la danza captaron la atenci\u00f3n de quienes visitaron ayer la FIT, en el segundo d\u00eda abierto al p\u00fablico.&nbsp;&nbsp;<br><br><br>En esta oportunidad, el joven chamamecero Exequiel Fern\u00e1ndez y su particular ritmo tarragosero fueron protagonistas y alentaron a muchas parejas a salir a bailar, como lo hicieron tambi\u00e9n los integrantes del ballet de la Casa de Corrientes en Buenos Aires.<br><br><br>Un momento de celebraci\u00f3n que se vivi\u00f3 primero en el escenario externo y poco m\u00e1s tarde en las instalaciones del pabell\u00f3n nacional, en ambos casos invitando a los presentes a sumarse a la fiesta grande prevista del 17 al 26 de enero de 2025.<br><br><br>Acciones promocionales<br><br><br>En la previa del lanzamiento de la 34\u00aa Fiesta Nacional del Chamam\u00e9, el grupo Chamam\u00e9 Ku\u00f1\u00e1, a trav\u00e9s del Instituto de Cultura de la Provincia de Corrientes, realiz\u00f3 una serie de intervenciones musicales durante los d\u00edas jueves y viernes en distintos puntos emblem\u00e1ticos de Buenos Aires. Las acciones se llevaron a cabo en estaciones de tren, estaciones de subte, dentro del subte, en el Mercado de San Telmo, Caminito y el Obelisco, entre otros lugares, sorprendiendo a los transe\u00fantes y turistas con el ritmo del chamam\u00e9.<br><br><br>Estas actividades forman parte de la promoci\u00f3n de la gran celebraci\u00f3n chamamecera. El p\u00fablico que disfrut\u00f3 de las intervenciones tambi\u00e9n se inform\u00f3 sobre las actividades que se realizar\u00e1n pr\u00f3ximamente en la provincia de Corrientes.<\/p>\n","protected":false},"excerpt":{"rendered":"<p>El Gobierno de Corrientes, a trav\u00e9s del Instituto de Cultura y en conjunto con el Ministerio de Turismo de la Provincia, promocion\u00f3 la 34\u00aa Fiesta Nacional del&nbsp; Chamam\u00e9 \u201cAv\u00edo del alma\u201d, en la Feria Internacional de Turismo (FIT), que se realiza desde el s\u00e1bado en La Rural de Palermo, en la ciudad de Buenos Aires. [&hellip;]<\/p>\n","protected":false},"author":11,"featured_media":2280,"comment_status":"open","ping_status":"open","sticky":false,"template":"","format":"standard","meta":{"footnotes":""},"categories":[156],"tags":[],"class_list":{"0":"post-2279","1":"post","2":"type-post","3":"status-publish","4":"format-standard","5":"has-post-thumbnail","7":"category-regional"},"aioseo_notices":[],"_links":{"self":[{"href":"https:\/\/lalupa24.com.ar\/index.php\/wp-json\/wp\/v2\/posts\/2279","targetHints":{"allow":["GET"]}}],"collection":[{"href":"https:\/\/lalupa24.com.ar\/index.php\/wp-json\/wp\/v2\/posts"}],"about":[{"href":"https:\/\/lalupa24.com.ar\/index.php\/wp-json\/wp\/v2\/types\/post"}],"author":[{"embeddable":true,"href":"https:\/\/lalupa24.com.ar\/index.php\/wp-json\/wp\/v2\/users\/11"}],"replies":[{"embeddable":true,"href":"https:\/\/lalupa24.com.ar\/index.php\/wp-json\/wp\/v2\/comments?post=2279"}],"version-history":[{"count":1,"href":"https:\/\/lalupa24.com.ar\/index.php\/wp-json\/wp\/v2\/posts\/2279\/revisions"}],"predecessor-version":[{"id":2281,"href":"https:\/\/lalupa24.com.ar\/index.php\/wp-json\/wp\/v2\/posts\/2279\/revisions\/2281"}],"wp:featuredmedia":[{"embeddable":true,"href":"https:\/\/lalupa24.com.ar\/index.php\/wp-json\/wp\/v2\/media\/2280"}],"wp:attachment":[{"href":"https:\/\/lalupa24.com.ar\/index.php\/wp-json\/wp\/v2\/media?parent=2279"}],"wp:term":[{"taxonomy":"category","embeddable":true,"href":"https:\/\/lalupa24.com.ar\/index.php\/wp-json\/wp\/v2\/categories?post=2279"},{"taxonomy":"post_tag","embeddable":true,"href":"https:\/\/lalupa24.com.ar\/index.php\/wp-json\/wp\/v2\/tags?post=2279"}],"curies":[{"name":"wp","href":"https:\/\/api.w.org\/{rel}","templated":true}]}}