{"id":22867,"date":"2026-08-29T11:58:42","date_gmt":"2026-08-29T14:58:42","guid":{"rendered":"https:\/\/lalupa24.com.ar\/?p=22867"},"modified":"2026-08-31T11:59:27","modified_gmt":"2026-08-31T14:59:27","slug":"chaco-abraza-los-derechos-de-los-ninos-este-domingo-gran-jornada-de-cierre-en-barranqueras","status":"publish","type":"post","link":"https:\/\/lalupa24.com.ar\/index.php\/2026\/08\/29\/chaco-abraza-los-derechos-de-los-ninos-este-domingo-gran-jornada-de-cierre-en-barranqueras\/","title":{"rendered":"CHACO ABRAZA LOS DERECHOS DE LOS NI\u00d1OS: ESTE DOMINGO, GRAN JORNADA DE CIERRE EN BARRANQUERAS"},"content":{"rendered":"\n<p><strong>El Gobierno del Chaco, a trav\u00e9s del Ministerio de Desarrollo Humano, como cierre de las actividades desarrolladas durante todo agosto, realizar\u00e1 este domingo 30, a partir de las 14 hs, una jornada recreativa, educativa y cultural para los ni\u00f1os y las familias en el play\u00f3n de estacionamiento del Puerto de Barranqueras. Habr\u00e1 juegos, propuestas art\u00edsticas, m\u00fasica en vivo, t\u00edteres, danzas, sorteos y entrega de anteojos del programa \u201cVer Para Ser Libres\u201d.<\/strong><\/p>\n\n\n\n<p>La jornada se extender\u00e1 hasta el atardecer y transformar\u00e1 el tradicional predio en un espacio de inclusi\u00f3n, integraci\u00f3n, juegos y aprendizaje, con actividades pensadas para promover el conocimiento, el respeto y el ejercicio pleno de los derechos de los ni\u00f1os.<br>Desde el Gobierno provincial destacaron que garantizar los derechos de los ni\u00f1os requiere de un Estado presente, cercano y comprometido, que acompa\u00f1e a las familias y genere espacios de participaci\u00f3n, encuentro y desarrollo integral.<\/p>\n\n\n\n<p><strong>LOS DERECHOS EN ACCI\u00d3N<\/strong><br>Uno de los principales atractivos ser\u00e1 el recorrido interactivo \u201cLos Derechos en Acci\u00f3n\u201d, organizado a trav\u00e9s de diferentes estaciones tem\u00e1ticas.<br>Mediante juegos y actividades participativas, los ni\u00f1os podr\u00e1n conocer y reflexionar sobre sus derechos de una manera din\u00e1mica y entretenida, promoviendo el aprendizaje a trav\u00e9s de la experiencia y fortaleciendo la concientizaci\u00f3n desde edades tempranas.<br>La propuesta busca que los chicos sean protagonistas de una jornada en la que puedan aprender, jugar y compartir junto a sus familias y otros integrantes de la comunidad.<\/p>\n\n\n\n<p><strong>M\u00daSICA, DANZAS, CIRCO Y MUCHAS SORPRESAS<\/strong><br>El escenario principal contar\u00e1 con una variada cartelera de espect\u00e1culos infantiles y propuestas art\u00edsticas para disfrutar en familia. Durante la jornada se presentar\u00e1n tambi\u00e9n el Payaso Pincelito, Circo Kool, el Ballet Folkl\u00f3rico y la Escuela Huellas Argentinas, Liliana Chezzy y la Banda de la Polic\u00eda del Chaco, entre otros artistas y grupos que aportar\u00e1n m\u00fasica, alegr\u00eda y entretenimiento.<br>Tambi\u00e9n habr\u00e1 t\u00edteres, m\u00fasica en vivo, escuelas de danzas, juegos y diferentes actividades recreativas, adem\u00e1s del esperado sorteo de numerosos regalos y bicicletas para los ni\u00f1os participantes.<br>Como parte de las acciones integrales del Gobierno provincial, durante el encuentro tambi\u00e9n se concretar\u00e1n entregas de anteojos pendientes correspondientes al programa \u201cVer Para Ser Libres\u201d, iniciativa destinada a garantizar el acceso a controles y soluciones visuales para ni\u00f1os y adolescentes.<br>Con esta propuesta, el Gobierno del Chaco culmina las actividades del Mes de los ni\u00f1os con una jornada abierta a toda la comunidad y con el compromiso de promover espacios donde los ni\u00f1os puedan jugar, aprender, expresarse y disfrutar de sus derechos.<br>La invitaci\u00f3n es para todas las familias a acercarse este domingo 30 de agosto al Puerto de Barranqueras y participar de una jornada pensada especialmente para celebrar a los m\u00e1s chicos y fortalecer los lazos entre el Estado, las familias y la comunidad<\/p>\n\n\n\n<p><\/p>\n","protected":false},"excerpt":{"rendered":"<p>El Gobierno del Chaco, a trav\u00e9s del Ministerio de Desarrollo Humano, como cierre de las actividades desarrolladas durante todo agosto, realizar\u00e1 este domingo 30, a partir de las 14 hs, una jornada recreativa, educativa y cultural para los ni\u00f1os y las familias en el play\u00f3n de estacionamiento del Puerto de Barranqueras. Habr\u00e1 juegos, propuestas art\u00edsticas, [&hellip;]<\/p>\n","protected":false},"author":103,"featured_media":22870,"comment_status":"open","ping_status":"open","sticky":false,"template":"","format":"standard","meta":{"footnotes":""},"categories":[28],"tags":[],"class_list":{"0":"post-22867","1":"post","2":"type-post","3":"status-publish","4":"format-standard","5":"has-post-thumbnail","7":"category-locales"},"aioseo_notices":[],"_links":{"self":[{"href":"https:\/\/lalupa24.com.ar\/index.php\/wp-json\/wp\/v2\/posts\/22867","targetHints":{"allow":["GET"]}}],"collection":[{"href":"https:\/\/lalupa24.com.ar\/index.php\/wp-json\/wp\/v2\/posts"}],"about":[{"href":"https:\/\/lalupa24.com.ar\/index.php\/wp-json\/wp\/v2\/types\/post"}],"author":[{"embeddable":true,"href":"https:\/\/lalupa24.com.ar\/index.php\/wp-json\/wp\/v2\/users\/103"}],"replies":[{"embeddable":true,"href":"https:\/\/lalupa24.com.ar\/index.php\/wp-json\/wp\/v2\/comments?post=22867"}],"version-history":[{"count":1,"href":"https:\/\/lalupa24.com.ar\/index.php\/wp-json\/wp\/v2\/posts\/22867\/revisions"}],"predecessor-version":[{"id":22873,"href":"https:\/\/lalupa24.com.ar\/index.php\/wp-json\/wp\/v2\/posts\/22867\/revisions\/22873"}],"wp:featuredmedia":[{"embeddable":true,"href":"https:\/\/lalupa24.com.ar\/index.php\/wp-json\/wp\/v2\/media\/22870"}],"wp:attachment":[{"href":"https:\/\/lalupa24.com.ar\/index.php\/wp-json\/wp\/v2\/media?parent=22867"}],"wp:term":[{"taxonomy":"category","embeddable":true,"href":"https:\/\/lalupa24.com.ar\/index.php\/wp-json\/wp\/v2\/categories?post=22867"},{"taxonomy":"post_tag","embeddable":true,"href":"https:\/\/lalupa24.com.ar\/index.php\/wp-json\/wp\/v2\/tags?post=22867"}],"curies":[{"name":"wp","href":"https:\/\/api.w.org\/{rel}","templated":true}]}}