{"id":22897,"date":"2026-08-30T12:09:23","date_gmt":"2026-08-30T15:09:23","guid":{"rendered":"https:\/\/lalupa24.com.ar\/?p=22897"},"modified":"2026-08-31T12:10:15","modified_gmt":"2026-08-31T15:10:15","slug":"zdero-fortalece-a-las-instituciones-la-asociacion-espanola-de-quitilipi-renovara-integralmente-su-sede","status":"publish","type":"post","link":"https:\/\/lalupa24.com.ar\/index.php\/2026\/08\/30\/zdero-fortalece-a-las-instituciones-la-asociacion-espanola-de-quitilipi-renovara-integralmente-su-sede\/","title":{"rendered":"ZDERO FORTALECE A LAS INSTITUCIONES: LA ASOCIACI\u00d3N ESPA\u00d1OLA DE QUITILIPI RENOVAR\u00c1 INTEGRALMENTE SU SEDE"},"content":{"rendered":"\n<p><strong>El gobernador Leandro Zdero firm\u00f3 un convenio para ejecutar una refacci\u00f3n integral de la sede de la Asociaci\u00f3n Espa\u00f1ola de Quitilipi, en el marco del acompa\u00f1amiento del Gobierno del Chaco a las instituciones que forman parte de la vida social y cultural de las comunidades. El acuerdo fue suscripto junto al presidente de Loter\u00eda Chaque\u00f1a, Lucas Apud Masin, y la titular de la entidad, Mar\u00eda Jos\u00e9 Caballol Rodr\u00edguez.<br><\/strong><br>La obra permitir\u00e1 mejorar integralmente distintos sectores del edificio y contempla el recambio de pisos y revestimientos, la colocaci\u00f3n de nuevos cielorrasos, ventanas y puertas, adem\u00e1s de trabajos de refacci\u00f3n en los ba\u00f1os y reparaciones de las instalaciones el\u00e9ctricas y sanitarias.<br>De esta manera, la instituci\u00f3n contar\u00e1 con espacios renovados y mejores condiciones edilicias para continuar desarrollando sus actividades y brindar sus instalaciones a sus integrantes y a toda la comunidad de Quitilipi.<\/p>\n\n\n\n<p><strong>ZDERO: \u201cTENEMOS QUE CONSERVAR LAS RA\u00cdCES, LAS TRADICIONES Y EL SENTIDO DE PERTENENCIA\u201d<\/strong><br>Durante el acto, el gobernador Leandro Zdero remarc\u00f3 la importancia hist\u00f3rica y social de la Asociaci\u00f3n Espa\u00f1ola para la comunidad de Quitilipi.<br>\u201cEsta instituci\u00f3n viene teniendo un protagonismo importante, pero fundamentalmente tambi\u00e9n alberga la historia de muchos inmigrantes espa\u00f1oles que hicieron de Quitilipi una ciudad pujante\u201d, destac\u00f3.<br>En ese sentido, resalt\u00f3 la necesidad de preservar las ra\u00edces y tradiciones que forman parte de la identidad de cada localidad. \u201cTenemos que conservar no solamente las ra\u00edces y las tradiciones, sino tambi\u00e9n el sentido de pertenencia y la identidad. Estas instituciones tambi\u00e9n cumplen muchas veces un rol social y nosotros las acompa\u00f1amos desde Loter\u00eda Chaque\u00f1a, como lo hacemos en diferentes localidades de la provincia\u201d, sostuvo.<\/p>\n\n\n\n<p><strong>LOTER\u00cdA CHAQUE\u00d1A, JUNTO A LAS INSTITUCIONES<\/strong><br>El presidente de Loter\u00eda Chaque\u00f1a, Lucas Apud Masin, destac\u00f3 el compromiso del organismo con las entidades de bien p\u00fablico de toda la provincia.<br>\u201cTenemos una mirada especial desde Loter\u00eda Chaque\u00f1a hacia todas las entidades de bien p\u00fablico de la provincia con las que venimos trabajando y, en este caso puntual, podemos colaborar con esta asociaci\u00f3n\u201d, se\u00f1al\u00f3.<br>Asimismo, explic\u00f3 que el convenio permitir\u00e1 concretar una serie de refacciones integrales que eran largamente esperadas y demandadas por la comunidad.<\/p>\n\n\n\n<p><strong>\u201dTENEMOS UN GOBERNADOR QUE NOS ESCUCH\u00d3\u201d<\/strong><br>La presidente de la Asociaci\u00f3n Espa\u00f1ola de Quitilipi, Mar\u00eda Jos\u00e9 Caballol, expres\u00f3 su emoci\u00f3n por la firma del convenio y por la visita del gobernador a la instituci\u00f3n. \u201cEs muy emocionante para nosotros, ya que es la primera vez que un gobernador visita la Asociaci\u00f3n Espa\u00f1ola y tenemos la oportunidad de firmar un convenio para realizar una obra. Gracias a Dios tenemos un gobernador que nos escuch\u00f3\u201d, manifest\u00f3.<br>Por su parte, el intendente de Quitilipi, Ariel Lovey, destac\u00f3 la importancia de la respuesta del Gobierno provincial a una demanda que la instituci\u00f3n ven\u00eda planteando desde hac\u00eda tiempo. \u201cEs importante la presencia del gobernador Zdero, sobre todo cuando viene a dar una noticia as\u00ed. Uno trabaja para dar respuesta a las demandas que tenemos y esta era una de las que ellos ven\u00edan solicitando hace mucho tiempo\u201d, sostuvo.<br>El Gobierno provincial seguir\u00e1 acompa\u00f1ando a las instituciones que cumplen un papel activo en la comunidad, fortaleciendo sus espacios y preservando lugares que forman parte de la historia, la cultura y la identidad de los chaque\u00f1os.<br>Acompa\u00f1aron esta actividad, el ministro de Gobierno, Carim Peche; autoridades municipales y vecinos de la localidad<\/p>\n\n\n\n<p><\/p>\n","protected":false},"excerpt":{"rendered":"<p>El gobernador Leandro Zdero firm\u00f3 un convenio para ejecutar una refacci\u00f3n integral de la sede de la Asociaci\u00f3n Espa\u00f1ola de Quitilipi, en el marco del acompa\u00f1amiento del Gobierno del Chaco a las instituciones que forman parte de la vida social y cultural de las comunidades. El acuerdo fue suscripto junto al presidente de Loter\u00eda Chaque\u00f1a, [&hellip;]<\/p>\n","protected":false},"author":103,"featured_media":22900,"comment_status":"open","ping_status":"open","sticky":false,"template":"","format":"standard","meta":{"footnotes":""},"categories":[28],"tags":[],"class_list":{"0":"post-22897","1":"post","2":"type-post","3":"status-publish","4":"format-standard","5":"has-post-thumbnail","7":"category-locales"},"aioseo_notices":[],"_links":{"self":[{"href":"https:\/\/lalupa24.com.ar\/index.php\/wp-json\/wp\/v2\/posts\/22897","targetHints":{"allow":["GET"]}}],"collection":[{"href":"https:\/\/lalupa24.com.ar\/index.php\/wp-json\/wp\/v2\/posts"}],"about":[{"href":"https:\/\/lalupa24.com.ar\/index.php\/wp-json\/wp\/v2\/types\/post"}],"author":[{"embeddable":true,"href":"https:\/\/lalupa24.com.ar\/index.php\/wp-json\/wp\/v2\/users\/103"}],"replies":[{"embeddable":true,"href":"https:\/\/lalupa24.com.ar\/index.php\/wp-json\/wp\/v2\/comments?post=22897"}],"version-history":[{"count":1,"href":"https:\/\/lalupa24.com.ar\/index.php\/wp-json\/wp\/v2\/posts\/22897\/revisions"}],"predecessor-version":[{"id":22903,"href":"https:\/\/lalupa24.com.ar\/index.php\/wp-json\/wp\/v2\/posts\/22897\/revisions\/22903"}],"wp:featuredmedia":[{"embeddable":true,"href":"https:\/\/lalupa24.com.ar\/index.php\/wp-json\/wp\/v2\/media\/22900"}],"wp:attachment":[{"href":"https:\/\/lalupa24.com.ar\/index.php\/wp-json\/wp\/v2\/media?parent=22897"}],"wp:term":[{"taxonomy":"category","embeddable":true,"href":"https:\/\/lalupa24.com.ar\/index.php\/wp-json\/wp\/v2\/categories?post=22897"},{"taxonomy":"post_tag","embeddable":true,"href":"https:\/\/lalupa24.com.ar\/index.php\/wp-json\/wp\/v2\/tags?post=22897"}],"curies":[{"name":"wp","href":"https:\/\/api.w.org\/{rel}","templated":true}]}}