{"id":22924,"date":"2026-08-30T13:11:29","date_gmt":"2026-08-30T16:11:29","guid":{"rendered":"https:\/\/lalupa24.com.ar\/?p=22924"},"modified":"2026-08-31T13:12:02","modified_gmt":"2026-08-31T16:12:02","slug":"de-alumno-a-gobernador-zdero-volvio-a-fatima-para-celebrar-70-anos-de-historia-y-dejo-inaugurado-un-nuevo-sum","status":"publish","type":"post","link":"https:\/\/lalupa24.com.ar\/index.php\/2026\/08\/30\/de-alumno-a-gobernador-zdero-volvio-a-fatima-para-celebrar-70-anos-de-historia-y-dejo-inaugurado-un-nuevo-sum\/","title":{"rendered":"DE ALUMNO A GOBERNADOR: ZDERO VOLVI\u00d3 A F\u00c1TIMA PARA CELEBRAR 70 A\u00d1OS DE HISTORIA Y DEJ\u00d3 INAUGURADO UN NUEVO SUM"},"content":{"rendered":"\n<h4 class=\"wp-block-heading\"><\/h4>\n\n\n\n<p><strong>Durante la ceremonia, el mandatario provincial, record\u00f3 con especial emoci\u00f3n su paso por la instituci\u00f3n y destac\u00f3 la huella que dej\u00f3 en su formaci\u00f3n. \u201cYo siempre digo que no pas\u00e9 por esta instituci\u00f3n, sino que F\u00e1tima pas\u00f3 por m\u00ed. Las tizas en el pizarr\u00f3n, las lecciones para aprender y las misas que ten\u00edamos dejaron una huella marcada en lo m\u00e1s profundo de nuestro coraz\u00f3n\u201d, expres\u00f3<\/strong>.<br>En ese marco, felicit\u00f3 a toda la comunidad educativa por el crecimiento alcanzado durante estas siete d\u00e9cadas. \u201cQuer\u00eda estar en estos 70 a\u00f1os de vida fundamentalmente por los logros de la instituci\u00f3n. Hoy, inaugurando este SUM, podemos ver c\u00f3mo ha crecido y hay que felicitarlos por eso\u201d, sostuvo.<br>El gobernador resalt\u00f3 especialmente los valores que caracterizan a la instituci\u00f3n y que fueron transmitidos a distintas generaciones. \u201cLo que siempre se ha hecho en F\u00e1tima es formar buenas personas, formadas en valores, en solidaridad y en respeto, que es lo que hoy se sigue haciendo\u201d, afirm\u00f3. Y agreg\u00f3: \u201cSer de F\u00e1tima es un sentimiento muy profundo\u201d.<br>Al referirse a la educaci\u00f3n chaque\u00f1a, Zdero remarc\u00f3 que constituye uno de los principales desaf\u00edos de la provincia y asegur\u00f3 que su gesti\u00f3n apuesta a fortalecer el sistema educativo en todos sus niveles y modalidades.<br>\u201cLa educaci\u00f3n tiene sentido si los chicos aprenden y por eso estamos empe\u00f1ados en transitar un camino distinto para que Chaco siga recuperando la lectura, la comprensi\u00f3n y la escritura, para darles a los chicos alas y que sean mejores\u201d, manifest\u00f3.<\/p>\n\n\n\n<p><strong>UNA OBRA ESPERADA POR LA COMUNIDAD EDUCATIVA<\/strong><br>Dominga Druzijanic, representante de la instituci\u00f3n, acompa\u00f1ada por Gonzalo L\u00f3pez, Director del Nivel Secundario, repas\u00f3 parte de la historia de la escuela y reconoci\u00f3 el aporte de docentes, alumnos y familias que fueron protagonistas de su crecimiento. \u201cCientos de docentes y alumnos dejaron su impronta a\u00f1o tras a\u00f1o. Cada esfuerzo, cada ense\u00f1anza y cada sue\u00f1o compartido contribuyeron a construir la identidad que hoy nos distingue como comunidad educativa\u201d, se\u00f1al\u00f3.<br>En relaci\u00f3n con el nuevo SUM, destac\u00f3 el acompa\u00f1amiento recibido para concretar una obra largamente esperada. \u201cCada uno de estos avances son mucho m\u00e1s que una obra o un n\u00famero, son sue\u00f1os que se hicieron realidad. La inauguraci\u00f3n de este SUM es parte de nuestros anhelos y de muchos a\u00f1os de no poder concretarlo\u201d, expres\u00f3.<br>Por su parte, Maril\u00fa, integrante de la primera promoci\u00f3n de 1966, comparti\u00f3 la emoci\u00f3n del reencuentro con la instituci\u00f3n y destac\u00f3 el v\u00ednculo que permanece entre las distintas generaciones de egresados. \u201cAqu\u00ed seguir\u00e1 estando ese faro de luz, de saber y de verdad, donde se sembr\u00f3 ayer, se siembra hoy y se seguir\u00e1 sembrando ma\u00f1ana\u201d, expres\u00f3.<\/p>\n\n\n\n<p><strong>M\u00c1S OBRAS Y EQUIPAMIENTO PARA LA ESCUELA<\/strong><br>La celebraci\u00f3n por los 70 a\u00f1os tambi\u00e9n permiti\u00f3 destacar las distintas mejoras concretadas en el establecimiento.<br>Adem\u00e1s, Loter\u00eda Chaque\u00f1a acompa\u00f1\u00f3 a la instituci\u00f3n con la compra de chapas que permitieron techar cuatro salones de clase. Los trabajos contemplaron la colocaci\u00f3n de una cubierta met\u00e1lica sobre una losa existente en el sector del edificio ubicado sobre calle Mendoza, con el objetivo de proteger los espacios y mejorar las condiciones para el desarrollo de las actividades escolares.<br>Durante la jornada tambi\u00e9n fueron entregados elementos destinados a las aulas.<br>Asimismo, se firm\u00f3 un acta de compromiso con la Fundaci\u00f3n Soy Chaco para la entrega de elementos, para mejoras edilicias en distintos sectores del establecimiento.<\/p>\n\n\n\n<p><strong>70 A\u00d1OS FORMANDO GENERACIONES<\/strong><br>La U.E.G.P. N\u00b0 22 \u201cNuestra Se\u00f1ora de F\u00e1tima\u201d atraviesa sus 70 a\u00f1os con una comunidad educativa que supera los 1.000 alumnos, distribuidos en cuatro niveles educativos, y con un anexo en Machagai donde funcionan los niveles Inicial, Primario y Secundario.<br>La celebraci\u00f3n permiti\u00f3 as\u00ed reunir al presidente de Loter\u00eda Chaque\u00f1a, Lucas Apud; la titular de la Fundaci\u00f3n Soy Chaco, Mar\u00eda Martina; el intendente Ariel Lovey, el director general de Educaci\u00f3n P\u00fablica de Gesti\u00f3n Privada, Diego Ere\u00f1o; el obispo de la Di\u00f3cesis San Roque de Presidencia Roque S\u00e1enz Pe\u00f1a, Hugo B\u00e1rbaro; funcionarios del Ejecutivo provincial y autoridades de la cartera educativa; docentes, alumnos, exalumnos y familias para conmemorar siete d\u00e9cadas de trayectoria y reafirmar el compromiso de seguir fortaleciendo una instituci\u00f3n que, generaci\u00f3n tras generaci\u00f3n, mantiene como eje la educaci\u00f3n y la formaci\u00f3n en valores<\/p>\n\n\n\n<p><\/p>\n","protected":false},"excerpt":{"rendered":"<p>Durante la ceremonia, el mandatario provincial, record\u00f3 con especial emoci\u00f3n su paso por la instituci\u00f3n y destac\u00f3 la huella que dej\u00f3 en su formaci\u00f3n. \u201cYo siempre digo que no pas\u00e9 por esta instituci\u00f3n, sino que F\u00e1tima pas\u00f3 por m\u00ed. Las tizas en el pizarr\u00f3n, las lecciones para aprender y las misas que ten\u00edamos dejaron una [&hellip;]<\/p>\n","protected":false},"author":103,"featured_media":22927,"comment_status":"open","ping_status":"open","sticky":false,"template":"","format":"standard","meta":{"footnotes":""},"categories":[28],"tags":[],"class_list":{"0":"post-22924","1":"post","2":"type-post","3":"status-publish","4":"format-standard","5":"has-post-thumbnail","7":"category-locales"},"aioseo_notices":[],"_links":{"self":[{"href":"https:\/\/lalupa24.com.ar\/index.php\/wp-json\/wp\/v2\/posts\/22924","targetHints":{"allow":["GET"]}}],"collection":[{"href":"https:\/\/lalupa24.com.ar\/index.php\/wp-json\/wp\/v2\/posts"}],"about":[{"href":"https:\/\/lalupa24.com.ar\/index.php\/wp-json\/wp\/v2\/types\/post"}],"author":[{"embeddable":true,"href":"https:\/\/lalupa24.com.ar\/index.php\/wp-json\/wp\/v2\/users\/103"}],"replies":[{"embeddable":true,"href":"https:\/\/lalupa24.com.ar\/index.php\/wp-json\/wp\/v2\/comments?post=22924"}],"version-history":[{"count":1,"href":"https:\/\/lalupa24.com.ar\/index.php\/wp-json\/wp\/v2\/posts\/22924\/revisions"}],"predecessor-version":[{"id":22930,"href":"https:\/\/lalupa24.com.ar\/index.php\/wp-json\/wp\/v2\/posts\/22924\/revisions\/22930"}],"wp:featuredmedia":[{"embeddable":true,"href":"https:\/\/lalupa24.com.ar\/index.php\/wp-json\/wp\/v2\/media\/22927"}],"wp:attachment":[{"href":"https:\/\/lalupa24.com.ar\/index.php\/wp-json\/wp\/v2\/media?parent=22924"}],"wp:term":[{"taxonomy":"category","embeddable":true,"href":"https:\/\/lalupa24.com.ar\/index.php\/wp-json\/wp\/v2\/categories?post=22924"},{"taxonomy":"post_tag","embeddable":true,"href":"https:\/\/lalupa24.com.ar\/index.php\/wp-json\/wp\/v2\/tags?post=22924"}],"curies":[{"name":"wp","href":"https:\/\/api.w.org\/{rel}","templated":true}]}}