{"id":22942,"date":"2026-08-31T13:16:48","date_gmt":"2026-08-31T16:16:48","guid":{"rendered":"https:\/\/lalupa24.com.ar\/?p=22942"},"modified":"2026-08-31T13:16:50","modified_gmt":"2026-08-31T16:16:50","slug":"chaco-realizara-la-septima-subasta-de-vehiculos-en-desuso-39-unidades-saldran-a-la-venta-y-los-recursos-volveran-en-obras","status":"publish","type":"post","link":"https:\/\/lalupa24.com.ar\/index.php\/2026\/08\/31\/chaco-realizara-la-septima-subasta-de-vehiculos-en-desuso-39-unidades-saldran-a-la-venta-y-los-recursos-volveran-en-obras\/","title":{"rendered":"CHACO REALIZAR\u00c1 LA S\u00c9PTIMA SUBASTA DE VEH\u00cdCULOS EN DESUSO: 39 UNIDADES SALDR\u00c1N A LA VENTA Y LOS RECURSOS VOLVER\u00c1N EN OBRAS"},"content":{"rendered":"\n<h4 class=\"wp-block-heading\"><\/h4>\n\n\n\n<p><strong>El Gobierno del Chaco llevar\u00e1 adelante este viernes 4 de septiembre la s\u00e9ptima subasta p\u00fablica de veh\u00edculos en desuso del Estado provincial, una iniciativa que forma parte de la pol\u00edtica de administraci\u00f3n responsable de los bienes p\u00fablicos impulsada por la gesti\u00f3n del gobernador Leandro Zdero.<\/strong><br>Esta ma\u00f1ana, el secretario general de la Gobernaci\u00f3n, Julio Ferro, inform\u00f3 que en esta oportunidad ser\u00e1n 39 veh\u00edculos los que estar\u00e1n disponibles para la subasta, entre los que se encuentran 33 camionetas, tres ambulancias y otros veh\u00edculos utilitarios. \u201cQueremos que participe la mayor cantidad de gente posible. Es una subasta p\u00fablica, transparente, de acceso libre y gratuito. Todos aquellos que est\u00e9n interesados pueden acercarse, registrarse con su DNI y participar\u201d, explic\u00f3 Ferro.<\/p>\n\n\n\n<p><strong>Exhibici\u00f3n abierta al p\u00fablico<\/strong><br>Antes de la jornada de subasta, los veh\u00edculos podr\u00e1n ser observados por los interesados en los galpones de La Montenegrina, ubicados sobre avenida Martina, donde se realizar\u00e1 la exhibici\u00f3n. La muestra estar\u00e1 disponible este martes y mi\u00e9rcoles, de 9 a 12, mientras que el jueves 3 de septiembre se extender\u00e1 el horario de 9 a 17, con el objetivo de facilitar la llegada de personas provenientes del interior provincial.<br>Desde el Gobierno remarcaron la importancia de que los potenciales compradores puedan conocer previamente el estado y las caracter\u00edsticas de las unidades que ser\u00e1n subastadas.<\/p>\n\n\n\n<p><strong>C\u00f3mo participar<\/strong><br>La jornada de subasta comenzar\u00e1 el viernes 4 de septiembre a las 8, en el CF N\u00b01, ubicado en avenida Lavalle 700.<br>Para participar, los interesados deber\u00e1n registrarse presentando \u00fanicamente su DNI. Los veh\u00edculos ser\u00e1n adjudicados al mejor postor, de acuerdo con las condiciones establecidas para la subasta p\u00fablica.<br>La persona que resulte ganadora deber\u00e1 abonar en el momento el 20% del valor de adjudicaci\u00f3n, m\u00e1s el 10% correspondiente a la comisi\u00f3n legal del martillero. El 80% restante podr\u00e1 integrarse dentro de los siete d\u00edas corridos posteriores a la adjudicaci\u00f3n. Ferro destac\u00f3 que la subasta no representa simplemente una operaci\u00f3n de venta de bienes del Estado, sino una herramienta para recuperar recursos y destinarlos a necesidades concretas de los chaque\u00f1os. \u201cLo que se recauda vuelve al pueblo de la provincia\u201d, sostuvo el funcionario, al remarcar que los fondos obtenidos en anteriores subastas permitieron financiar acciones concretas en \u00e1reas prioritarias como salud, educaci\u00f3n y seguridad.<br>Entre las inversiones realizadas con recursos provenientes de estas operaciones se encuentran la adquisici\u00f3n de tres ambulancias 4&#215;4 destinadas a El Impenetrable, la compra de nueve camionetas 4&#215;2 para fortalecer el trabajo de \u00d1achec, y la incorporaci\u00f3n de m\u00e1s de 2.000 ventiladores industriales para establecimientos educativos de toda la provincia.<br>Tambi\u00e9n se avanz\u00f3 con obras de infraestructura sanitaria, entre ellas la recuperaci\u00f3n y puesta en valor del Centro de Salud de Villa R\u00edo Negro y la renovaci\u00f3n del Centro Odontol\u00f3gico Santa Polonia, ubicado en el barrio Provincias Unidas de Resistencia, que brinda atenci\u00f3n especialmente a personas con discapacidad.<br>A esto se suma la planificaci\u00f3n de nuevas obras y mejoras en establecimientos de salud, entre ellas la construcci\u00f3n de 10 nuevos consultorios en el Hospital Perrando, que ser\u00e1n financiados con los recursos obtenidos a trav\u00e9s de las subastas.<\/p>\n\n\n\n<p><strong>Transparencia y recuperaci\u00f3n de bienes p\u00fablicos<\/strong><br>Desde el Ejecutivo provincial remarcaron que cada subasta se desarrolla mediante un procedimiento p\u00fablico y transparente, con la correspondiente publicaci\u00f3n de las condiciones y los bienes disponibles para garantizar el acceso de todos los interesados.<br>\u201cEsto no es una venta m\u00e1s. Lo recaudado tiene un destino concreto y vuelve a los chaque\u00f1os en obras y servicios\u201d, destac\u00f3 Ferro.<br>En ese sentido, se\u00f1al\u00f3 que la decisi\u00f3n de la gesti\u00f3n provincial es transformar bienes que ya no cumplen una funci\u00f3n para el Estado en recursos que permitan mejorar la calidad de los servicios p\u00fablicos, especialmente en \u00e1reas consideradas prioritarias.<\/p>\n\n\n\n<p><strong>Invitaci\u00f3n a participar<\/strong><br>Finalmente, el secretario general de la Gobernaci\u00f3n convoc\u00f3 a la ciudadan\u00eda a acercarse a la exhibici\u00f3n y participar de la s\u00e9ptima subasta. \u201cSon 39 veh\u00edculos que estar\u00e1n disponibles. Invitamos a todos a que los conozcan, participen y formen parte de esta subasta p\u00fablica. Lo que se recauda vuelve a los chaque\u00f1os y se transforma en acciones concretas para salud, educaci\u00f3n y seguridad\u201d, afirm\u00f3.&nbsp;<strong>La exhibici\u00f3n ser\u00e1 martes y mi\u00e9rcoles de 9 a 12 y jueves de 9 a 17, mientras que la subasta tendr\u00e1 lugar el viernes 4 de septiembre desde las 8, en el CF N\u00b01 de avenida Lavalle 700<\/strong><\/p>\n","protected":false},"excerpt":{"rendered":"<p>El Gobierno del Chaco llevar\u00e1 adelante este viernes 4 de septiembre la s\u00e9ptima subasta p\u00fablica de veh\u00edculos en desuso del Estado provincial, una iniciativa que forma parte de la pol\u00edtica de administraci\u00f3n responsable de los bienes p\u00fablicos impulsada por la gesti\u00f3n del gobernador Leandro Zdero.Esta ma\u00f1ana, el secretario general de la Gobernaci\u00f3n, Julio Ferro, inform\u00f3 [&hellip;]<\/p>\n","protected":false},"author":103,"featured_media":22945,"comment_status":"open","ping_status":"open","sticky":false,"template":"","format":"standard","meta":{"footnotes":""},"categories":[28],"tags":[],"class_list":{"0":"post-22942","1":"post","2":"type-post","3":"status-publish","4":"format-standard","5":"has-post-thumbnail","7":"category-locales"},"aioseo_notices":[],"_links":{"self":[{"href":"https:\/\/lalupa24.com.ar\/index.php\/wp-json\/wp\/v2\/posts\/22942","targetHints":{"allow":["GET"]}}],"collection":[{"href":"https:\/\/lalupa24.com.ar\/index.php\/wp-json\/wp\/v2\/posts"}],"about":[{"href":"https:\/\/lalupa24.com.ar\/index.php\/wp-json\/wp\/v2\/types\/post"}],"author":[{"embeddable":true,"href":"https:\/\/lalupa24.com.ar\/index.php\/wp-json\/wp\/v2\/users\/103"}],"replies":[{"embeddable":true,"href":"https:\/\/lalupa24.com.ar\/index.php\/wp-json\/wp\/v2\/comments?post=22942"}],"version-history":[{"count":1,"href":"https:\/\/lalupa24.com.ar\/index.php\/wp-json\/wp\/v2\/posts\/22942\/revisions"}],"predecessor-version":[{"id":22948,"href":"https:\/\/lalupa24.com.ar\/index.php\/wp-json\/wp\/v2\/posts\/22942\/revisions\/22948"}],"wp:featuredmedia":[{"embeddable":true,"href":"https:\/\/lalupa24.com.ar\/index.php\/wp-json\/wp\/v2\/media\/22945"}],"wp:attachment":[{"href":"https:\/\/lalupa24.com.ar\/index.php\/wp-json\/wp\/v2\/media?parent=22942"}],"wp:term":[{"taxonomy":"category","embeddable":true,"href":"https:\/\/lalupa24.com.ar\/index.php\/wp-json\/wp\/v2\/categories?post=22942"},{"taxonomy":"post_tag","embeddable":true,"href":"https:\/\/lalupa24.com.ar\/index.php\/wp-json\/wp\/v2\/tags?post=22942"}],"curies":[{"name":"wp","href":"https:\/\/api.w.org\/{rel}","templated":true}]}}