{"id":2317,"date":"2024-10-02T09:45:00","date_gmt":"2024-10-02T12:45:00","guid":{"rendered":"https:\/\/lalupa24.com.ar\/?p=2317"},"modified":"2024-10-02T09:32:56","modified_gmt":"2024-10-02T12:32:56","slug":"el-municipio-ejecuto-tareas-de-desmalezado-en-el-seminario-que-se-preparara-para-realizar-su-festival-anual","status":"publish","type":"post","link":"https:\/\/lalupa24.com.ar\/index.php\/2024\/10\/02\/el-municipio-ejecuto-tareas-de-desmalezado-en-el-seminario-que-se-preparara-para-realizar-su-festival-anual\/","title":{"rendered":"El municipio ejecuto tareas de desmalezado en el seminario que se preparara para realizar su festival anual"},"content":{"rendered":"\n<p><\/p>\n\n\n\n<p>La Municipalidad de Resistencia realiz\u00f3 un operativo de limpieza en el predio del seminario La Encarnaci\u00f3n, ubicado en 25 de Mayo y Ruta 11. All\u00ed, este s\u00e1bado 5 de octubre se llevar\u00e1 a cabo un Festival de danza y m\u00fasica que congregar\u00e1 a la comunidad religiosa de Resistencia y Corrientes.<\/p>\n\n\n\n<p>El seminarista Juan Manuel Varela explic\u00f3 que el Seminario est\u00e1 conformado por seis di\u00f3cesis de la regi\u00f3n NEA, una de ellas es el la Arquidi\u00f3cesis de Resistencia. &#8220;La celebraci\u00f3n se realiza con la intenci\u00f3n de compartir con toda la comunidad, especialmente de la capital chaque\u00f1a y de Corrientes, que son las ciudades m\u00e1s cercanas, por la generosidad de la gente para con nuestra formaci\u00f3n aqu\u00ed&#8221;, indic\u00f3.<\/p>\n\n\n\n<p>En el operativo colabor\u00f3 el personal de los centros comunitarios municipales de Villa El Dorado y de Los Teros. Valeria Prieto, empleada municipal, explic\u00f3 que llevaron a cabo tareas de desmalezado y recolecci\u00f3n de restos verdes.<\/p>\n\n\n\n<p>Por su parte, Daniel Ocampo, indic\u00f3 que para estas tareas de limpieza, debido a las dimensiones del predio, adem\u00e1s del personal se requiere maquinaria de gran porte para trasladar los restos de troncos y ramas y que el operativo demandar\u00e1 en total unos tres d\u00edas.<\/p>\n","protected":false},"excerpt":{"rendered":"<p>La Municipalidad de Resistencia realiz\u00f3 un operativo de limpieza en el predio del seminario La Encarnaci\u00f3n, ubicado en 25 de Mayo y Ruta 11. All\u00ed, este s\u00e1bado 5 de octubre se llevar\u00e1 a cabo un Festival de danza y m\u00fasica que congregar\u00e1 a la comunidad religiosa de Resistencia y Corrientes. El seminarista Juan Manuel Varela [&hellip;]<\/p>\n","protected":false},"author":12,"featured_media":2318,"comment_status":"open","ping_status":"open","sticky":false,"template":"","format":"standard","meta":{"footnotes":""},"categories":[28],"tags":[],"class_list":{"0":"post-2317","1":"post","2":"type-post","3":"status-publish","4":"format-standard","5":"has-post-thumbnail","7":"category-locales"},"aioseo_notices":[],"_links":{"self":[{"href":"https:\/\/lalupa24.com.ar\/index.php\/wp-json\/wp\/v2\/posts\/2317","targetHints":{"allow":["GET"]}}],"collection":[{"href":"https:\/\/lalupa24.com.ar\/index.php\/wp-json\/wp\/v2\/posts"}],"about":[{"href":"https:\/\/lalupa24.com.ar\/index.php\/wp-json\/wp\/v2\/types\/post"}],"author":[{"embeddable":true,"href":"https:\/\/lalupa24.com.ar\/index.php\/wp-json\/wp\/v2\/users\/12"}],"replies":[{"embeddable":true,"href":"https:\/\/lalupa24.com.ar\/index.php\/wp-json\/wp\/v2\/comments?post=2317"}],"version-history":[{"count":1,"href":"https:\/\/lalupa24.com.ar\/index.php\/wp-json\/wp\/v2\/posts\/2317\/revisions"}],"predecessor-version":[{"id":2319,"href":"https:\/\/lalupa24.com.ar\/index.php\/wp-json\/wp\/v2\/posts\/2317\/revisions\/2319"}],"wp:featuredmedia":[{"embeddable":true,"href":"https:\/\/lalupa24.com.ar\/index.php\/wp-json\/wp\/v2\/media\/2318"}],"wp:attachment":[{"href":"https:\/\/lalupa24.com.ar\/index.php\/wp-json\/wp\/v2\/media?parent=2317"}],"wp:term":[{"taxonomy":"category","embeddable":true,"href":"https:\/\/lalupa24.com.ar\/index.php\/wp-json\/wp\/v2\/categories?post=2317"},{"taxonomy":"post_tag","embeddable":true,"href":"https:\/\/lalupa24.com.ar\/index.php\/wp-json\/wp\/v2\/tags?post=2317"}],"curies":[{"name":"wp","href":"https:\/\/api.w.org\/{rel}","templated":true}]}}