{"id":2324,"date":"2024-10-02T10:15:54","date_gmt":"2024-10-02T13:15:54","guid":{"rendered":"https:\/\/lalupa24.com.ar\/?p=2324"},"modified":"2024-10-02T10:15:55","modified_gmt":"2024-10-02T13:15:55","slug":"el-pro-todavia-no-define-el-apoyo-al-veto-de-milei-a-las-universidades-no-es-lo-mismo-que-con-los-jubilados","status":"publish","type":"post","link":"https:\/\/lalupa24.com.ar\/index.php\/2024\/10\/02\/el-pro-todavia-no-define-el-apoyo-al-veto-de-milei-a-las-universidades-no-es-lo-mismo-que-con-los-jubilados\/","title":{"rendered":"El PRO todav\u00eda no define el apoyo al veto de Milei a las universidades: &#8220;No es lo mismo que con los jubilados&#8221;"},"content":{"rendered":"\n<p>Sin el macrismo, la Casa Rosada puede perder la pulseada. &#8220;No somos gobierno ni cogobierno&#8221;, dicen.<\/p>\n\n\n\n<p>Los 38 diputados del PRO no est\u00e1n asegurados para blindar el veto de Javier Milei a la ley que ampl\u00eda los fondos para las universidades p\u00fablicas. Dos legisladores de la bancada que conduce Cristian Ritondo dijeron a LPO que discutir\u00e1n su postura en una reuni\u00f3n de bloque.<\/p>\n\n\n\n<p>La deliberaci\u00f3n enciende las alarmas en Casa Rosada, que supon\u00eda que ten\u00eda alambrado el lote de los 87 h\u00e9roes que rechazaron la insistencia para aumentar jubilaciones tras el veto presidencial. Sin embargo, fuentes parlamentarias recordaron que hubo 11 macristas ausentes en el asado de agasajo a esos diputados en la Quinta de Olivos.<\/p>\n\n\n\n<p>El propio Ritondo fundament\u00f3 la postura del bloque, en di\u00e1logo con TN, aclarando que el macrismo &#8220;no es gobierno ni cogobierno&#8221;. &#8220;Apoyamos en todas las cosas que nos parecen bien pero somos el PRO, no somos La Libertad Avanza, los actos de gobierno los toma el gobierno&#8221;, grafic\u00f3..<\/p>\n\n\n\n<p>Adem\u00e1s, reclam\u00f3 sillas en los \u00e1mbitos de decisi\u00f3n gubernamental para garantizar el acompa\u00f1amiento. &#8220;Para nosotros garantizar los votos del PRO, pedimos estar sentados&#8221;, sostuvo, y agreg\u00f3: &#8220;Nosotros no tomamos posici\u00f3n, queremos entender cu\u00e1l es la salida porque las crisis universitarias son fuertes y repercuten en la pol\u00edtica mucho tiempo&#8221;.&nbsp;<\/p>\n\n\n\n<p>En ese contexto, uno de los integrantes de la tropa de Mauricio Macri en la C\u00e1mara Baja explic\u00f3 que &#8220;no es lo mismo que con los jubilados&#8221;, para dar cuenta de la dificultad que representa cerrar filas con Balcarce 50 para negarle m\u00e1s recursos al sistema de educaci\u00f3n superior. &#8220;Muchos de los nuestros no quieren votar contra las universidades&#8221;, admiti\u00f3.<\/p>\n\n\n\n<p>Bajo la misma perspectiva, otro diputado se autopercibi\u00f3 como &#8220;de la UBA&#8221; y adelant\u00f3 que le propondr\u00e1 al oficialismo que se incluya una partida presupuestaria con esos fondos en el Presupuesto 2025. &#8220;Vamos a indicar tambi\u00e9n de d\u00f3nde tiene que salir el dinero&#8221;, expres\u00f3 con algo de candor.<\/p>\n\n\n\n<p>El debate al interior del partido amarillo cay\u00f3 como una bomba en el gobierno, que ya acarreaba la preocupaci\u00f3n de que esta vez le costar\u00eda m\u00e1s operar sobre el bloque radical. El Comit\u00e9 Nacional de la UCR, presidido por Mart\u00edn Lousteau, orden\u00f3 la semana pasada que los diputados de su bloque tienen que estar sentados a sus bancas y ratificar el proyecto de aumento presupuestario para las universidades, una definici\u00f3n que evitar\u00eda fugas como la de Pamela Verasay cuando se respald\u00f3 el veto de Milei contra la suba de haberes jubilatorios.<\/p>\n\n\n\n<p>Si las f\u00e9rreas disposiciones de la conducci\u00f3n radical confluyeran con la resistencia del PRO, Milei estar\u00eda en dificultades.<\/p>\n\n\n\n<p>Al cierre de esta nota, en el Congreso se comentaba que el PRO no sentar\u00e1 a sus 38 legisladores a sus bancas hasta que los libertarios no muestren la lista detallada de los que van a acompa\u00f1arlos en el veto.&nbsp;<\/p>\n","protected":false},"excerpt":{"rendered":"<p>Sin el macrismo, la Casa Rosada puede perder la pulseada. &#8220;No somos gobierno ni cogobierno&#8221;, dicen. Los 38 diputados del PRO no est\u00e1n asegurados para blindar el veto de Javier Milei a la ley que ampl\u00eda los fondos para las universidades p\u00fablicas. Dos legisladores de la bancada que conduce Cristian Ritondo dijeron a LPO que [&hellip;]<\/p>\n","protected":false},"author":2,"featured_media":2325,"comment_status":"open","ping_status":"open","sticky":false,"template":"","format":"standard","meta":{"footnotes":""},"categories":[27],"tags":[],"class_list":{"0":"post-2324","1":"post","2":"type-post","3":"status-publish","4":"format-standard","5":"has-post-thumbnail","7":"category-interior"},"aioseo_notices":[],"_links":{"self":[{"href":"https:\/\/lalupa24.com.ar\/index.php\/wp-json\/wp\/v2\/posts\/2324","targetHints":{"allow":["GET"]}}],"collection":[{"href":"https:\/\/lalupa24.com.ar\/index.php\/wp-json\/wp\/v2\/posts"}],"about":[{"href":"https:\/\/lalupa24.com.ar\/index.php\/wp-json\/wp\/v2\/types\/post"}],"author":[{"embeddable":true,"href":"https:\/\/lalupa24.com.ar\/index.php\/wp-json\/wp\/v2\/users\/2"}],"replies":[{"embeddable":true,"href":"https:\/\/lalupa24.com.ar\/index.php\/wp-json\/wp\/v2\/comments?post=2324"}],"version-history":[{"count":1,"href":"https:\/\/lalupa24.com.ar\/index.php\/wp-json\/wp\/v2\/posts\/2324\/revisions"}],"predecessor-version":[{"id":2326,"href":"https:\/\/lalupa24.com.ar\/index.php\/wp-json\/wp\/v2\/posts\/2324\/revisions\/2326"}],"wp:featuredmedia":[{"embeddable":true,"href":"https:\/\/lalupa24.com.ar\/index.php\/wp-json\/wp\/v2\/media\/2325"}],"wp:attachment":[{"href":"https:\/\/lalupa24.com.ar\/index.php\/wp-json\/wp\/v2\/media?parent=2324"}],"wp:term":[{"taxonomy":"category","embeddable":true,"href":"https:\/\/lalupa24.com.ar\/index.php\/wp-json\/wp\/v2\/categories?post=2324"},{"taxonomy":"post_tag","embeddable":true,"href":"https:\/\/lalupa24.com.ar\/index.php\/wp-json\/wp\/v2\/tags?post=2324"}],"curies":[{"name":"wp","href":"https:\/\/api.w.org\/{rel}","templated":true}]}}