{"id":2330,"date":"2024-10-03T08:37:13","date_gmt":"2024-10-03T11:37:13","guid":{"rendered":"https:\/\/lalupa24.com.ar\/?p=2330"},"modified":"2024-10-03T08:37:13","modified_gmt":"2024-10-03T11:37:13","slug":"mes-de-las-iglesias-evangelicas","status":"publish","type":"post","link":"https:\/\/lalupa24.com.ar\/index.php\/2024\/10\/03\/mes-de-las-iglesias-evangelicas\/","title":{"rendered":"&#8220;Mes de las iglesias evang\u00e9licas&#8221;"},"content":{"rendered":"\n<p><\/p>\n\n\n\n<p>La Municipalidad de Resistencia junto a pastores present\u00f3 un calendario especial por el Mes de las Iglesias Evang\u00e9licas, en el Club Social. Anunciaron que se llevar\u00e1n a cabo actividades en diferentes espacios p\u00fablicos y se izar\u00e1 la bandera evang\u00e9lica.<\/p>\n\n\n\n<p>Este cronograma tiene como objetivo anticipar y extender los festejos por el D\u00eda de las Iglesias Protestantes y Evang\u00e9licas, que se celebra el 31 de octubre, porque que ese d\u00eda en 1517 el Monje Mart\u00edn Lutero dio a conocer las 95 tesis que iniciaron la Reforma Protestante.<\/p>\n\n\n\n<p>Jos\u00e9 Quiroga, secretario de la C\u00e1mara de Comerciantes, Empresarios, Profesionales y Ejecutivos Cristianos del Chaco, agradeci\u00f3 a la Municipalidad &#8220;por esta iniciativa tan loable de tratar de que la Ciudad encuentre la paz, la tranquilidad y se encuentre con Dios&#8221;.<\/p>\n\n\n\n<p>Rub\u00e9n Molina, de la Asociaci\u00f3n de Pastores y Ministros Intendentes, expres\u00f3 que &#8220;este es un mes muy significativo para las iglesias evang\u00e9licas&#8221;. &#8220;El esp\u00edritu es que todos podamos participar en las distintas actividades, compartir una palabra, expresar una oraci\u00f3n&#8221;, indic\u00f3 y remarc\u00f3 que &#8220;la ciudad, la provincia y la naci\u00f3n necesitan entender lo fundamental que es la palabra de Dios, la iglesia evang\u00e9lica activa y el servicio que cada uno de los lideres est\u00e9 realizando en este tiempo&#8221;.<\/p>\n\n\n\n<p>Una de las actividades confirmadas se realizar\u00e1 el viernes 11 de octubre en la Plaza 25 de Mayo, a las 17 horas. Hugo Aquino, representante de la Iglesia Ministerio Chaco es de Cristo, indic\u00f3 que ser\u00e1 una campa\u00f1a denominada Impacto Juvenil, bajo el lema &#8220;Volviendo a los brazos del padre&#8221;.<\/p>\n\n\n\n<p>De la presentaci\u00f3n participaron, adem\u00e1s, Pablo Moises, de la Iglesia Fundaci\u00f3n Adonai; Luis Carruega, de la Iglesia Cristiana Internacional; Tom\u00e1s Galiano, l\u00edder de j\u00f3venes de la Iglesia Morada de su Presencia; Jos\u00e9 Quiroga, secretario de la C\u00e1mara de Comerciantes, Empresarios, Profesionales y Ejecutivos Cristianos del Chaco; y Pablo Paredes, coordinador de Culto de la Provincia.<\/p>\n\n\n\n<p>MES DE LAS IGLESIAS<\/p>\n\n\n\n<p>El Director de Culto, Javier Pi\u00f1ero, coment\u00f3 que este es un proyecto que se viene trabajando desde hace varios a\u00f1os y resalt\u00f3 que el programa pertenece a los referentes de las distintas iglesias, que son los verdaderos protagonistas de este Calendario.<\/p>\n\n\n\n<p>Por su parte, el secretario de Econom\u00eda, Ricardo Roffe, destac\u00f3 la funci\u00f3n de las iglesias evang\u00e9licas en la Ciudad y record\u00f3 que estas actividades surgen del compromiso que realiz\u00f3 el intendente de Roy Nikisch, de mantener contacto directo y di\u00e1logo con todos los sectores de la sociedad.<\/p>\n","protected":false},"excerpt":{"rendered":"<p>La Municipalidad de Resistencia junto a pastores present\u00f3 un calendario especial por el Mes de las Iglesias Evang\u00e9licas, en el Club Social. Anunciaron que se llevar\u00e1n a cabo actividades en diferentes espacios p\u00fablicos y se izar\u00e1 la bandera evang\u00e9lica. Este cronograma tiene como objetivo anticipar y extender los festejos por el D\u00eda de las Iglesias [&hellip;]<\/p>\n","protected":false},"author":12,"featured_media":2331,"comment_status":"open","ping_status":"open","sticky":false,"template":"","format":"standard","meta":{"footnotes":""},"categories":[28],"tags":[],"class_list":{"0":"post-2330","1":"post","2":"type-post","3":"status-publish","4":"format-standard","5":"has-post-thumbnail","7":"category-locales"},"aioseo_notices":[],"_links":{"self":[{"href":"https:\/\/lalupa24.com.ar\/index.php\/wp-json\/wp\/v2\/posts\/2330","targetHints":{"allow":["GET"]}}],"collection":[{"href":"https:\/\/lalupa24.com.ar\/index.php\/wp-json\/wp\/v2\/posts"}],"about":[{"href":"https:\/\/lalupa24.com.ar\/index.php\/wp-json\/wp\/v2\/types\/post"}],"author":[{"embeddable":true,"href":"https:\/\/lalupa24.com.ar\/index.php\/wp-json\/wp\/v2\/users\/12"}],"replies":[{"embeddable":true,"href":"https:\/\/lalupa24.com.ar\/index.php\/wp-json\/wp\/v2\/comments?post=2330"}],"version-history":[{"count":1,"href":"https:\/\/lalupa24.com.ar\/index.php\/wp-json\/wp\/v2\/posts\/2330\/revisions"}],"predecessor-version":[{"id":2332,"href":"https:\/\/lalupa24.com.ar\/index.php\/wp-json\/wp\/v2\/posts\/2330\/revisions\/2332"}],"wp:featuredmedia":[{"embeddable":true,"href":"https:\/\/lalupa24.com.ar\/index.php\/wp-json\/wp\/v2\/media\/2331"}],"wp:attachment":[{"href":"https:\/\/lalupa24.com.ar\/index.php\/wp-json\/wp\/v2\/media?parent=2330"}],"wp:term":[{"taxonomy":"category","embeddable":true,"href":"https:\/\/lalupa24.com.ar\/index.php\/wp-json\/wp\/v2\/categories?post=2330"},{"taxonomy":"post_tag","embeddable":true,"href":"https:\/\/lalupa24.com.ar\/index.php\/wp-json\/wp\/v2\/tags?post=2330"}],"curies":[{"name":"wp","href":"https:\/\/api.w.org\/{rel}","templated":true}]}}