{"id":2334,"date":"2024-10-03T11:46:00","date_gmt":"2024-10-03T14:46:00","guid":{"rendered":"https:\/\/lalupa24.com.ar\/?p=2334"},"modified":"2024-10-03T11:46:02","modified_gmt":"2024-10-03T14:46:02","slug":"el-enojo-de-macri-con-karina-y-las-fugas-libertarias-amenazan-el-veto-de-milei-a-universidades","status":"publish","type":"post","link":"https:\/\/lalupa24.com.ar\/index.php\/2024\/10\/03\/el-enojo-de-macri-con-karina-y-las-fugas-libertarias-amenazan-el-veto-de-milei-a-universidades\/","title":{"rendered":"El enojo de Macri con Karina y las fugas libertarias amenazan el veto de Milei a universidades"},"content":{"rendered":"\n<p>Macri est\u00e1 enojado porque Karina le juega en contra en la Ciudad y analiza dejar que caiga el veto de Milei. La libertaria Arrieta y otros de su bloq<\/p>\n\n\n\n<p>El anunciado veto de Milei al financiamiento universitario podr\u00eda caerse por el enojo de Mauricio Macri con Karina y la decisi\u00f3n de diputados libertarios y radicales con peluca que no est\u00e1n dispuestos a pagar el alta costo pol\u00edtico de enfrentarse a los estudiantes que este mi\u00e9rcoles volvieron a reventar las calles de las principales ciudades del pa\u00eds.<\/p>\n\n\n\n<p>El n\u00famero m\u00e1gico de los 87 &#8220;h\u00e9roes&#8221; que blindaron el veto de Milei al aumento a los jubilados, esta vez est\u00e1 en zona de riesgo. &#8220;Karina no mira para los costados cuando avanza y su pele\u00edta porte\u00f1a le puede costar al Presidente perder la pelea con las universidades&#8221;, dijo a LPO un importante dirigente libertario.ue no acompa\u00f1ar\u00edan y tres de los radicales con peluca tambi\u00e9n dudan.\u00a0<\/p>\n\n\n\n<p>En efecto, en otro despacho libertario admitieron que dos jugadas de Karina enfurecieron a Mauricio Macri. Por un lado, la hermana del Presidente mand\u00f3 a Pilar Ram\u00edrez y sus colegas en la Legislatura porte\u00f1a a rechazar el C\u00f3digo Urbano promovido por Jorge Macri, y por otra parte, acompa\u00f1\u00f3 la incursi\u00f3n de Patricia Bullrich en La Plata para arriar diputados bonaerenses del bloque PRO al de La Libertad Avanza.<\/p>\n\n\n\n<p>&#8220;Estos avanzan y arman desparramo sin mirar a los costados&#8221;, se quej\u00f3 un mile\u00edsta de la primera hora en referencia a la secretaria general de la Presidencia y Lule Menem.\u00a0LPO ya hab\u00eda revelado\u00a0el enojo con la hermana del Presidente con el pat\u00e9tico acto que arm\u00f3 en Parque Lezama, que\u00a0<a href=\"https:\/\/www.lapoliticaonline.com\/tools\/redirect.php?t=3&amp;i=300475&amp;s=2c2ddde5b842684ceed63a67ad708b55\">hizo enojar hasta a Fantno<\/a>, un declarado amigo del presidente. La Conducci\u00f3n pol\u00edtica de &#8220;El Jefe&#8221; est\u00e1 cada vez m\u00e1s cuestionada en LLA.<\/p>\n\n\n\n<p>este martes que el PRO advert\u00eda que el veto al proyecto en discusi\u00f3n &#8220;no es lo mismo que el veto a la suba de jubilaciones&#8221;. Aunque la sorpresa para el oficialismo es que la incomodidad para respaldar a Milei contra las universidades alcanzaba incluso a tres de los cinco radicales que se fotografiaron con el primer mandatario antes de cambiar su voto sobre el aumento a los jubilados.<\/p>\n","protected":false},"excerpt":{"rendered":"<p>Macri est\u00e1 enojado porque Karina le juega en contra en la Ciudad y analiza dejar que caiga el veto de Milei. La libertaria Arrieta y otros de su bloq El anunciado veto de Milei al financiamiento universitario podr\u00eda caerse por el enojo de Mauricio Macri con Karina y la decisi\u00f3n de diputados libertarios y radicales [&hellip;]<\/p>\n","protected":false},"author":2,"featured_media":2336,"comment_status":"open","ping_status":"open","sticky":false,"template":"","format":"standard","meta":{"footnotes":""},"categories":[26],"tags":[],"class_list":{"0":"post-2334","1":"post","2":"type-post","3":"status-publish","4":"format-standard","5":"has-post-thumbnail","7":"category-nacionales"},"aioseo_notices":[],"_links":{"self":[{"href":"https:\/\/lalupa24.com.ar\/index.php\/wp-json\/wp\/v2\/posts\/2334","targetHints":{"allow":["GET"]}}],"collection":[{"href":"https:\/\/lalupa24.com.ar\/index.php\/wp-json\/wp\/v2\/posts"}],"about":[{"href":"https:\/\/lalupa24.com.ar\/index.php\/wp-json\/wp\/v2\/types\/post"}],"author":[{"embeddable":true,"href":"https:\/\/lalupa24.com.ar\/index.php\/wp-json\/wp\/v2\/users\/2"}],"replies":[{"embeddable":true,"href":"https:\/\/lalupa24.com.ar\/index.php\/wp-json\/wp\/v2\/comments?post=2334"}],"version-history":[{"count":1,"href":"https:\/\/lalupa24.com.ar\/index.php\/wp-json\/wp\/v2\/posts\/2334\/revisions"}],"predecessor-version":[{"id":2337,"href":"https:\/\/lalupa24.com.ar\/index.php\/wp-json\/wp\/v2\/posts\/2334\/revisions\/2337"}],"wp:featuredmedia":[{"embeddable":true,"href":"https:\/\/lalupa24.com.ar\/index.php\/wp-json\/wp\/v2\/media\/2336"}],"wp:attachment":[{"href":"https:\/\/lalupa24.com.ar\/index.php\/wp-json\/wp\/v2\/media?parent=2334"}],"wp:term":[{"taxonomy":"category","embeddable":true,"href":"https:\/\/lalupa24.com.ar\/index.php\/wp-json\/wp\/v2\/categories?post=2334"},{"taxonomy":"post_tag","embeddable":true,"href":"https:\/\/lalupa24.com.ar\/index.php\/wp-json\/wp\/v2\/tags?post=2334"}],"curies":[{"name":"wp","href":"https:\/\/api.w.org\/{rel}","templated":true}]}}