{"id":2338,"date":"2024-10-03T11:47:54","date_gmt":"2024-10-03T14:47:54","guid":{"rendered":"https:\/\/lalupa24.com.ar\/?p=2338"},"modified":"2024-10-03T11:47:56","modified_gmt":"2024-10-03T14:47:56","slug":"masivas-marchas-en-todo-el-pais-contra-el-veto-de-milei-a-las-universidades","status":"publish","type":"post","link":"https:\/\/lalupa24.com.ar\/index.php\/2024\/10\/03\/masivas-marchas-en-todo-el-pais-contra-el-veto-de-milei-a-las-universidades\/","title":{"rendered":"Masivas marchas en todo el pa\u00eds contra el veto de Milei a las universidades"},"content":{"rendered":"\n<p>Cientos de miles de personas se movilizan para rechazar la medida del presidente contra el financiamiento universitario.<\/p>\n\n\n\n<p>Una multitud march\u00f3 al Congreso y en otros puntos del pa\u00eds para rechazar el veto que Javier Milei firmar\u00e1 contra la ley de financiamiento universitario. Cientos de miles de personas se congregaron bajo el lema &#8220;La educaci\u00f3n p\u00fablica no se toca&#8221;.<\/p>\n\n\n\n<p>&#8220;Soy primera generaci\u00f3n de universitarios. Mi viejo no termin\u00f3 el secundario y mi vieja la primaria. Es la \u00fanica posibilidad de movilidad social&#8221;, dice Malena, veterinaria de 26 a\u00f1os antes de salir hacia Plaza de los Dos Congresos.<\/p>\n\n\n\n<p>Ella fue una de las miles de j\u00f3venes y no tanto que llegaron hasta Plaza Houssay para marchar contra el ajuste universitario y contra el veto de Javier Milei. Esta vez los pa\u00f1uelos fueron azules: ese fue el color elegido para representar a la educaci\u00f3n p\u00fablica.<\/p>\n\n\n\n<p>El acto central fue en la Plaza de los Dos Congresos. Patricia Bullrich orden\u00f3 vallar el frente del parlamento, por eso la marcha qued\u00f3 dividida en varias partes. El escenario estuvo sobre la plaza Belgrano, en la curva de la Avenida de Mayo.<\/p>\n\n\n\n<p>Una enorme columna qued\u00f3 detr\u00e1s del escenario hacia 9 de Julio. Las calles laterales estuvieron llenas: Callao, Rodr\u00edguez Pe\u00f1a, Montevideo, Paran\u00e1 y sus continuaciones del otro lado de Rivadavia tambi\u00e9n alojaron a las multitudes.<\/p>\n\n\n\n<p>Partidos pol\u00edticos y sindicatos tuvieron m\u00e1s presencia que en la manifestaci\u00f3n de abril, pero tambi\u00e9n hubo muchos &#8220;sueltos&#8221; con carteles hechos a mano.<\/p>\n","protected":false},"excerpt":{"rendered":"<p>Cientos de miles de personas se movilizan para rechazar la medida del presidente contra el financiamiento universitario. Una multitud march\u00f3 al Congreso y en otros puntos del pa\u00eds para rechazar el veto que Javier Milei firmar\u00e1 contra la ley de financiamiento universitario. Cientos de miles de personas se congregaron bajo el lema &#8220;La educaci\u00f3n p\u00fablica [&hellip;]<\/p>\n","protected":false},"author":2,"featured_media":2339,"comment_status":"open","ping_status":"open","sticky":false,"template":"","format":"standard","meta":{"footnotes":""},"categories":[28],"tags":[],"class_list":{"0":"post-2338","1":"post","2":"type-post","3":"status-publish","4":"format-standard","5":"has-post-thumbnail","7":"category-locales"},"aioseo_notices":[],"_links":{"self":[{"href":"https:\/\/lalupa24.com.ar\/index.php\/wp-json\/wp\/v2\/posts\/2338","targetHints":{"allow":["GET"]}}],"collection":[{"href":"https:\/\/lalupa24.com.ar\/index.php\/wp-json\/wp\/v2\/posts"}],"about":[{"href":"https:\/\/lalupa24.com.ar\/index.php\/wp-json\/wp\/v2\/types\/post"}],"author":[{"embeddable":true,"href":"https:\/\/lalupa24.com.ar\/index.php\/wp-json\/wp\/v2\/users\/2"}],"replies":[{"embeddable":true,"href":"https:\/\/lalupa24.com.ar\/index.php\/wp-json\/wp\/v2\/comments?post=2338"}],"version-history":[{"count":1,"href":"https:\/\/lalupa24.com.ar\/index.php\/wp-json\/wp\/v2\/posts\/2338\/revisions"}],"predecessor-version":[{"id":2340,"href":"https:\/\/lalupa24.com.ar\/index.php\/wp-json\/wp\/v2\/posts\/2338\/revisions\/2340"}],"wp:featuredmedia":[{"embeddable":true,"href":"https:\/\/lalupa24.com.ar\/index.php\/wp-json\/wp\/v2\/media\/2339"}],"wp:attachment":[{"href":"https:\/\/lalupa24.com.ar\/index.php\/wp-json\/wp\/v2\/media?parent=2338"}],"wp:term":[{"taxonomy":"category","embeddable":true,"href":"https:\/\/lalupa24.com.ar\/index.php\/wp-json\/wp\/v2\/categories?post=2338"},{"taxonomy":"post_tag","embeddable":true,"href":"https:\/\/lalupa24.com.ar\/index.php\/wp-json\/wp\/v2\/tags?post=2338"}],"curies":[{"name":"wp","href":"https:\/\/api.w.org\/{rel}","templated":true}]}}