{"id":2348,"date":"2024-10-04T09:30:32","date_gmt":"2024-10-04T12:30:32","guid":{"rendered":"https:\/\/lalupa24.com.ar\/?p=2348"},"modified":"2024-10-07T09:32:31","modified_gmt":"2024-10-07T12:32:31","slug":"se-firmo-convenio-para-reducir-la-brecha-digital-y-mejorar-el-acceso-a-la-salud","status":"publish","type":"post","link":"https:\/\/lalupa24.com.ar\/index.php\/2024\/10\/04\/se-firmo-convenio-para-reducir-la-brecha-digital-y-mejorar-el-acceso-a-la-salud\/","title":{"rendered":"Se firmo convenio para reducir la brecha digital y mejorar el acceso a la salud"},"content":{"rendered":"\n<p><\/p>\n\n\n\n<p>El Gobierno de la provincia, a trav\u00e9s de las Subsecretar\u00eda de Modernizaci\u00f3n del Estado, a cargo de Federico Vald\u00e9s; de la Subsecretar\u00eda de Ni\u00f1ez, Adolescencia, Familia y Adultos Mayores, de Fernando Samudio; y de Programaci\u00f3n y Gesti\u00f3n Estrat\u00e9gica, cuyo titular es Rafael Ademar Meneses firmaron, esta ma\u00f1ana, en el Sal\u00f3n Obligado de Casa de Gobierno un convenio de colaboraci\u00f3n para reducir la brecha digital y mejorar el acceso a los servicios de salud en el Chaco.<\/p>\n\n\n\n<p>La firma se dio en el marco del programa &#8220;Chaco Digital&#8221;, en el mes de los Adultos Mayores y prev\u00e9 proporcionar espacios f\u00edsicos suministrados con equipos inform\u00e1ticos, conexi\u00f3n a internet y personal capacitado en lugares estrat\u00e9gicos de la Provincia a fin de lograr la inclusi\u00f3n digital de los sectores vulnerables, poniendo a disposici\u00f3n de \u00e9stos el acceso a consultas m\u00e9dicas, servicios de salud a distancia y el inicio de tr\u00e1mites digitales.<br>El programa tendr\u00e1 una implementaci\u00f3n gradual, en primera instancia, se proveer\u00e1 a la Unidad de Protecci\u00f3n Integral (UPI) de la Regi\u00f3n Sudoeste, en la ciudad de Charata, un equipo completo de videovigilancia y un equipo de computadoras, que ser\u00e1n instalados y puestos en funcionamiento para asistir a la ciudadan\u00eda en la gesti\u00f3n de tr\u00e1mites digitales. Dicha acci\u00f3n se ir\u00e1 replicando en otras Unidades de Protecci\u00f3n Integral en las distintas regiones de la provincia.<br>El subsecretario Vald\u00e9s explic\u00f3 que \u201cEncontramos dentro de los sectores vulnerables a los adultos mayores y aquellos que no tienen acceso a la tecnolog\u00eda o no pueden acceder a un equipo de computaci\u00f3n\u201d, dijo y agreg\u00f3 \u201ceste trabajo en conjunto nos permite colocar tecnolog\u00eda en las UPI y en los Hospitales para que las personas puedan hacer desde all\u00ed consultas m\u00e9dicas y tr\u00e1mites como por ejemplo pedidos de becas o pensiones\u201d.<br>Adem\u00e1s, sostuvo que se trata de un trabajo progresivo y que se va a ir avanzando a toda la provincia a medida que se encuentren lugares que se consideran vulnerables. \u201cEn esta primera etapa estamos entregando cinco equipos, esto se inicia en Charata, pero tambi\u00e9n estamos acondicionando Castelli, Pampa del Infierno, Quitilipi y en Resistencia en la Avenida 25 de mayo cerca de Casa de Gobierno tambi\u00e9n vamos a contar con un lugar\u201d, detall\u00f3.<br>Por su parte, la Subsecretar\u00eda de Programaci\u00f3n y Gesti\u00f3n Estrat\u00e9gica, brindar\u00e1 capacitaci\u00f3n al personal de la UPI en el uso de herramientas de salud digital, tales como teleconsultas y turnos digitales, facilitando el acceso a consultas m\u00e9dicas a distancia y permitiendo que los ciudadanos puedan obtener recetas y derivaciones sin la necesidad de desplazarse. \u201cEs un trabajo que se va a realizar de manera progresiva y la idea llegar a m\u00e1s ciudadanos y m\u00e1s sectores vulnerables\u201d, dijo Meneses.<br>Por otro lado, destac\u00f3 que en salud se cuenta con una agenda de m\u00e9dicos que funciona en distintas localidades de El Impenetrable y permite que un m\u00e9dico que est\u00e1 en Resistencia pueda brindar una consulta m\u00e9dica y a partir de all\u00ed, dar las resoluciones necesarias. \u201cEsto es gracias tambi\u00e9n a un trabajo muy articulado con la gente de Ecom, donde nosotros relevamos el estado de conectividad y si hay que mejorarla ellos mejoran la conectividad para que contemos con las herramientas necesarias\u201d, sostuvo.<br>Por \u00faltimo, la Subsecretar\u00eda de Ni\u00f1ez, Adolescencia y Familia se compromete a destinar un espacio f\u00edsico en la UPI de la Regi\u00f3n Sudoeste, adecuado para la implementaci\u00f3n de estas tecnolog\u00edas, con las condiciones necesarias de conectividad, iluminaci\u00f3n, privacidad y seguridad. Este espacio ser\u00e1 utilizado para garantizar un entorno de confianza y calidad en la atenci\u00f3n a los usuarios.<br>\u201cEs muy importante porque nos ayuda a compensar la falta de profesionales en determinadas \u00e1reas dentro de lo que son las UPI y esto nos ayuda a compensar esa falta y contar con un gabinete completo para llevar adelante la atenci\u00f3n primaria\u201d, concluy\u00f3 Samudio.<\/p>\n","protected":false},"excerpt":{"rendered":"<p>El Gobierno de la provincia, a trav\u00e9s de las Subsecretar\u00eda de Modernizaci\u00f3n del Estado, a cargo de Federico Vald\u00e9s; de la Subsecretar\u00eda de Ni\u00f1ez, Adolescencia, Familia y Adultos Mayores, de Fernando Samudio; y de Programaci\u00f3n y Gesti\u00f3n Estrat\u00e9gica, cuyo titular es Rafael Ademar Meneses firmaron, esta ma\u00f1ana, en el Sal\u00f3n Obligado de Casa de Gobierno [&hellip;]<\/p>\n","protected":false},"author":2,"featured_media":2349,"comment_status":"open","ping_status":"open","sticky":false,"template":"","format":"standard","meta":{"footnotes":""},"categories":[28],"tags":[],"class_list":{"0":"post-2348","1":"post","2":"type-post","3":"status-publish","4":"format-standard","5":"has-post-thumbnail","7":"category-locales"},"aioseo_notices":[],"_links":{"self":[{"href":"https:\/\/lalupa24.com.ar\/index.php\/wp-json\/wp\/v2\/posts\/2348","targetHints":{"allow":["GET"]}}],"collection":[{"href":"https:\/\/lalupa24.com.ar\/index.php\/wp-json\/wp\/v2\/posts"}],"about":[{"href":"https:\/\/lalupa24.com.ar\/index.php\/wp-json\/wp\/v2\/types\/post"}],"author":[{"embeddable":true,"href":"https:\/\/lalupa24.com.ar\/index.php\/wp-json\/wp\/v2\/users\/2"}],"replies":[{"embeddable":true,"href":"https:\/\/lalupa24.com.ar\/index.php\/wp-json\/wp\/v2\/comments?post=2348"}],"version-history":[{"count":1,"href":"https:\/\/lalupa24.com.ar\/index.php\/wp-json\/wp\/v2\/posts\/2348\/revisions"}],"predecessor-version":[{"id":2350,"href":"https:\/\/lalupa24.com.ar\/index.php\/wp-json\/wp\/v2\/posts\/2348\/revisions\/2350"}],"wp:featuredmedia":[{"embeddable":true,"href":"https:\/\/lalupa24.com.ar\/index.php\/wp-json\/wp\/v2\/media\/2349"}],"wp:attachment":[{"href":"https:\/\/lalupa24.com.ar\/index.php\/wp-json\/wp\/v2\/media?parent=2348"}],"wp:term":[{"taxonomy":"category","embeddable":true,"href":"https:\/\/lalupa24.com.ar\/index.php\/wp-json\/wp\/v2\/categories?post=2348"},{"taxonomy":"post_tag","embeddable":true,"href":"https:\/\/lalupa24.com.ar\/index.php\/wp-json\/wp\/v2\/tags?post=2348"}],"curies":[{"name":"wp","href":"https:\/\/api.w.org\/{rel}","templated":true}]}}