{"id":2354,"date":"2024-10-04T09:36:26","date_gmt":"2024-10-04T12:36:26","guid":{"rendered":"https:\/\/lalupa24.com.ar\/?p=2354"},"modified":"2024-11-05T21:03:43","modified_gmt":"2024-11-06T00:03:43","slug":"el-gobernador-inauguro-el-anexo-2-de-la-escuela-primaria-n170-en-charata","status":"publish","type":"post","link":"https:\/\/lalupa24.com.ar\/index.php\/2024\/10\/04\/el-gobernador-inauguro-el-anexo-2-de-la-escuela-primaria-n170-en-charata\/","title":{"rendered":"El gobernador inauguro el anexo 2 de la escuela primaria n\u00b0170 en charata"},"content":{"rendered":"\n<p><\/p>\n\n\n\n<p>En el marco de la agenda de inauguraciones por el 110\u00b0 aniversario de la ciudad de Charata, el gobernador Leandro Zdero, inaugur\u00f3 las obras de remodelaci\u00f3n y refacci\u00f3n del Anexo 2 de la Escuela Primaria N\u00b0170 \u201c Juan Gregorio P\u00e1ez\u201d. \u201cEl coraz\u00f3n explota de alegr\u00eda cuando vemos a las docentes, a los chicos, a sus pap\u00e1s, al presidente de la cooperadora, emocionados por lo que se logr\u00f3 con este establecimiento\u201d, expres\u00f3 el primer mandatario provincial remarcando el estado de abandono en que se encontraba, \u201ccasi en ruinas durante 12 a\u00f1os\u201d.<\/p>\n\n\n\n<p>Acompa\u00f1ado por la vicegobernadora Silvana Schneider, el intendente local, Rub\u00e9n Rach, el ministro de Infraestructura, Obras y Servicio P\u00fablicos, Hugo Dom\u00ednguez, el ministro de Salud, Sergio Rodriguez; el secretario de Asuntos Estrat\u00e9gicos Marcos Resico; el administrador de la Direcci\u00f3n de Vialidad Provincial, Omar Canela; la subsecretaria de Educaci\u00f3n, Rosana Cerruti; y Mar\u00eda Martina, de la Fundaci\u00f3n Soy Chaco, Zdero destac\u00f3 la obra como fruto del \u201cesfuerzo compartido\u201d entre el Municipio de Charata y el Gobierno de la Provincia para que los chicos disfruten de un aula y ba\u00f1os en condiciones, asegurando que \u201cesto va a permitir que puedan asistir a una escuela sana y saludable, y que los docentes desarrollen tambi\u00e9n sus actividades\u201d, dijo.<br>Entre otras cuestiones, anunci\u00f3 que el Gobierno garantizar\u00e1 \u201ctodas las raciones para el comedor en esta zona\u201d, asegurando que \u201cesto es fortalecer la educaci\u00f3n, y remarcando que \u201ccuando hay esfuerzo compartido, voluntad y acompa\u00f1amiento, tambi\u00e9n, de los mismos directivos de la regional educativa, de los docentes, de los pap\u00e1s, de la cooperadora, todo se hace m\u00e1s f\u00e1cil\u201d.<\/p>\n\n\n\n<p>Condiciones dignas para educar<br>El personal docente de la EEP 170 se mostr\u00f3 emocionado, asegurando que era una obra que \u201cesperamos much\u00edsimo tiempo\u201d. Para Lorena, maestra local con 10 ni\u00f1os a su cargo, \u201ces un sue\u00f1o ver todo esto en muy buen estado, qued\u00f3 espectacular\u201d, dijo, asegurando que la presencia del Gobernador \u201ces un placer\u201d.<br>Por su parte, Luciana Torres, de nivel inicial, record\u00f3 que el a\u00f1o pasado \u201clas condiciones eran p\u00e9simas\u201d y, demostrando su orgullo por el estado actual de la instituci\u00f3n, agradeci\u00f3 al Gobernador \u201cpor los chicos, por los ni\u00f1os que son el futuro\u201d. \u201cLa educaci\u00f3n es una parte fundamental del futuro y poder trabajar en estas condiciones que hoy nos brindan, dignas, es gratificante\u201d, remarc\u00f3, recordando que se construy\u00f3 todo lo que es la escuela nueva, los siete ba\u00f1os (para mujeres y varones, uno para discapacitados), se refaccion\u00f3 lo que era parte de la cocina, donde antes se compart\u00eda espacio con Nivel Inicial que ahora tiene su propio espacio.<\/p>\n\n\n\n<p>Sobre la obra<br>La obra estaba paralizada desde el a\u00f1o 2012, debido a un inconveniente con el predio donde se encuentra emplazada la escuela, situaci\u00f3n que estaba<br>judicializada y que fue resuelta este a\u00f1o por gestiones del Ministerio de Educaci\u00f3n.<br>La intervenci\u00f3n incluy\u00f3 terminaci\u00f3n de aulas y n\u00facleo sanitario. Ejecuci\u00f3n de cubierta, cielorraso, instalaci\u00f3n sanitaria, alba\u00f1iler\u00eda en general -revoque, revestimiento, pintura interior y exterior-, instalaci\u00f3n el\u00e9ctrica -instalaci\u00f3n a<br>nueva con iluminaci\u00f3n completa, interna y externa-. Adem\u00e1s, se construyeron m\u00e1stiles para la bandera nacional y la del Chaco, para nivel inicial y primaria; se acondicionaron carpinter\u00edas existentes y se colocaron algunas nuevas.<\/p>\n","protected":false},"excerpt":{"rendered":"<p>En el marco de la agenda de inauguraciones por el 110\u00b0 aniversario de la ciudad de Charata, el gobernador Leandro Zdero, inaugur\u00f3 las obras de remodelaci\u00f3n y refacci\u00f3n del Anexo 2 de la Escuela Primaria N\u00b0170 \u201c Juan Gregorio P\u00e1ez\u201d. \u201cEl coraz\u00f3n explota de alegr\u00eda cuando vemos a las docentes, a los chicos, a sus [&hellip;]<\/p>\n","protected":false},"author":2,"featured_media":2355,"comment_status":"open","ping_status":"open","sticky":false,"template":"","format":"standard","meta":{"footnotes":""},"categories":[28],"tags":[],"class_list":{"0":"post-2354","1":"post","2":"type-post","3":"status-publish","4":"format-standard","5":"has-post-thumbnail","7":"category-locales"},"aioseo_notices":[],"_links":{"self":[{"href":"https:\/\/lalupa24.com.ar\/index.php\/wp-json\/wp\/v2\/posts\/2354","targetHints":{"allow":["GET"]}}],"collection":[{"href":"https:\/\/lalupa24.com.ar\/index.php\/wp-json\/wp\/v2\/posts"}],"about":[{"href":"https:\/\/lalupa24.com.ar\/index.php\/wp-json\/wp\/v2\/types\/post"}],"author":[{"embeddable":true,"href":"https:\/\/lalupa24.com.ar\/index.php\/wp-json\/wp\/v2\/users\/2"}],"replies":[{"embeddable":true,"href":"https:\/\/lalupa24.com.ar\/index.php\/wp-json\/wp\/v2\/comments?post=2354"}],"version-history":[{"count":1,"href":"https:\/\/lalupa24.com.ar\/index.php\/wp-json\/wp\/v2\/posts\/2354\/revisions"}],"predecessor-version":[{"id":2356,"href":"https:\/\/lalupa24.com.ar\/index.php\/wp-json\/wp\/v2\/posts\/2354\/revisions\/2356"}],"wp:featuredmedia":[{"embeddable":true,"href":"https:\/\/lalupa24.com.ar\/index.php\/wp-json\/wp\/v2\/media\/2355"}],"wp:attachment":[{"href":"https:\/\/lalupa24.com.ar\/index.php\/wp-json\/wp\/v2\/media?parent=2354"}],"wp:term":[{"taxonomy":"category","embeddable":true,"href":"https:\/\/lalupa24.com.ar\/index.php\/wp-json\/wp\/v2\/categories?post=2354"},{"taxonomy":"post_tag","embeddable":true,"href":"https:\/\/lalupa24.com.ar\/index.php\/wp-json\/wp\/v2\/tags?post=2354"}],"curies":[{"name":"wp","href":"https:\/\/api.w.org\/{rel}","templated":true}]}}