{"id":2368,"date":"2024-10-07T09:51:26","date_gmt":"2024-10-07T12:51:26","guid":{"rendered":"https:\/\/lalupa24.com.ar\/?p=2368"},"modified":"2024-10-07T09:51:27","modified_gmt":"2024-10-07T12:51:27","slug":"los-adultos-mayores-tuvieron-su-fiesta-en-el-parque-de-la-democracia","status":"publish","type":"post","link":"https:\/\/lalupa24.com.ar\/index.php\/2024\/10\/07\/los-adultos-mayores-tuvieron-su-fiesta-en-el-parque-de-la-democracia\/","title":{"rendered":"Los adultos mayores tuvieron su fiesta en el parque de la democracia"},"content":{"rendered":"\n<p><\/p>\n\n\n\n<p>El Parque de la Democracia fue el escenario para que los adultos mayores vivan un domingo inolvidable, celebrando su mes. En la ocasi\u00f3n se inaugur\u00f3 el segundo T\u00f3tem del Buen Trato, obra del artista Luciano Acosta, formando parte de una jornada donde hubo actividades deportivas, l\u00fadicas y espect\u00e1culos musicales, reuniendo a distintas agrupaciones de la ciudad y del \u00e1rea metropolitana.<\/p>\n\n\n\n<p>As\u00ed lo se\u00f1al\u00f3 Mar\u00eda del Carmen Br\u00edtez, quien junto a Juan Mongel\u00f3 integran el grupo \u201cVida Plena\u201d de Puerto Vilelas, que a trav\u00e9s de la danza y el teatro disfrutan a pleno de esta etapa de la vida.<\/p>\n\n\n\n<p>\u201cEs muy emocionante participar en las actividades de este mes, reconociendo al adulto mayor\u201d, expres\u00f3.<\/p>\n\n\n\n<p>Su compa\u00f1ero reconoci\u00f3 sentirse \u201corgulloso de estar aqu\u00ed, nunca antes hab\u00edan organizado este tipo de eventos, el adulto necesita ser reconocido\u201d.<\/p>\n\n\n\n<p>Elsa P\u00e9rez forma parte del equipo de newcom del Centro de Educaci\u00f3n F\u00edsica N\u00b0 1 y fue al evento del domingo a mostrar esta disciplina deportiva.<\/p>\n\n\n\n<p>\u201cEstamos muy contentos de estar a esta altura de la vida haciendo deportes, nos invitaron a hacer una demostraci\u00f3n para la gente adulta\u201d, agreg\u00f3, informando que las pr\u00e1cticas son los lunes y mi\u00e9rcoles 14 a 16 y de 20 a 22 horas.<\/p>\n\n\n\n<p>Gladys Nu\u00f1ez tambi\u00e9n disfrut\u00f3 de la jornada: \u201cSomos del grupo de jubilados Juntos para ser felices, a todos nos gust\u00f3 el evento, nos unimos para divertirnos, somos 33 integrantes que hacemos gimnasia, manualidades y luego tomamos un t\u00e9 y conversamos y esta fiesta es una muy buena idea\u201d.<\/p>\n\n\n\n<p>Ra\u00fal Cantero es vocal del sector de afiliados pasivos del INSSSEP y sostuvo que \u201cestamos reconociendo la labor de los adultos mayores, sobre todo el buen trato\u201d.<\/p>\n\n\n\n<p>Fernando Zamudio, subsecretario de Ni\u00f1ez, Adolescencia, Familia y Adultos Mayores de la Provincia, consider\u00f3 que \u201cesta serie de t\u00f3tems permite visibilizar el Paseo del Buen Trato, por eso agradezco las gestiones del gobernador Zdero y del intendente Nikisch que nos posibilitan llevar adelante estos eventos\u201d.<\/p>\n\n\n\n<p>Finalmente, Pablo Mujica, secretario de Desarrollo Humano municipal, destac\u00f3 el aporte del artista Luciano Acosta \u201cquien es hijo del recordado Toto Acosta, exdirector general de Relaciones P\u00fablicas municipal y que decidi\u00f3 regalarnos su arte\u201d.<\/p>\n","protected":false},"excerpt":{"rendered":"<p>El Parque de la Democracia fue el escenario para que los adultos mayores vivan un domingo inolvidable, celebrando su mes. En la ocasi\u00f3n se inaugur\u00f3 el segundo T\u00f3tem del Buen Trato, obra del artista Luciano Acosta, formando parte de una jornada donde hubo actividades deportivas, l\u00fadicas y espect\u00e1culos musicales, reuniendo a distintas agrupaciones de la [&hellip;]<\/p>\n","protected":false},"author":2,"featured_media":2369,"comment_status":"open","ping_status":"open","sticky":false,"template":"","format":"standard","meta":{"footnotes":""},"categories":[28],"tags":[],"class_list":{"0":"post-2368","1":"post","2":"type-post","3":"status-publish","4":"format-standard","5":"has-post-thumbnail","7":"category-locales"},"aioseo_notices":[],"_links":{"self":[{"href":"https:\/\/lalupa24.com.ar\/index.php\/wp-json\/wp\/v2\/posts\/2368","targetHints":{"allow":["GET"]}}],"collection":[{"href":"https:\/\/lalupa24.com.ar\/index.php\/wp-json\/wp\/v2\/posts"}],"about":[{"href":"https:\/\/lalupa24.com.ar\/index.php\/wp-json\/wp\/v2\/types\/post"}],"author":[{"embeddable":true,"href":"https:\/\/lalupa24.com.ar\/index.php\/wp-json\/wp\/v2\/users\/2"}],"replies":[{"embeddable":true,"href":"https:\/\/lalupa24.com.ar\/index.php\/wp-json\/wp\/v2\/comments?post=2368"}],"version-history":[{"count":1,"href":"https:\/\/lalupa24.com.ar\/index.php\/wp-json\/wp\/v2\/posts\/2368\/revisions"}],"predecessor-version":[{"id":2370,"href":"https:\/\/lalupa24.com.ar\/index.php\/wp-json\/wp\/v2\/posts\/2368\/revisions\/2370"}],"wp:featuredmedia":[{"embeddable":true,"href":"https:\/\/lalupa24.com.ar\/index.php\/wp-json\/wp\/v2\/media\/2369"}],"wp:attachment":[{"href":"https:\/\/lalupa24.com.ar\/index.php\/wp-json\/wp\/v2\/media?parent=2368"}],"wp:term":[{"taxonomy":"category","embeddable":true,"href":"https:\/\/lalupa24.com.ar\/index.php\/wp-json\/wp\/v2\/categories?post=2368"},{"taxonomy":"post_tag","embeddable":true,"href":"https:\/\/lalupa24.com.ar\/index.php\/wp-json\/wp\/v2\/tags?post=2368"}],"curies":[{"name":"wp","href":"https:\/\/api.w.org\/{rel}","templated":true}]}}