{"id":2373,"date":"2024-10-07T10:06:26","date_gmt":"2024-10-07T13:06:26","guid":{"rendered":"https:\/\/lalupa24.com.ar\/?p=2373"},"modified":"2024-10-07T10:06:28","modified_gmt":"2024-10-07T13:06:28","slug":"reaparecio-elisa-carrio-y-llamo-roedor-a-javier-milei","status":"publish","type":"post","link":"https:\/\/lalupa24.com.ar\/index.php\/2024\/10\/07\/reaparecio-elisa-carrio-y-llamo-roedor-a-javier-milei\/","title":{"rendered":"Reapareci\u00f3 Elisa Carri\u00f3 y llam\u00f3 \u201croedor\u201d a Javier Milei"},"content":{"rendered":"\n<p>La dirigente de la Coalici\u00f3n C\u00edvica se refiri\u00f3 a la coyuntura actual.<\/p>\n\n\n\n<p>Elisa Carri\u00f3, l\u00edder de la&nbsp;<strong>Coalici\u00f3n C\u00edvica<\/strong>, analiz\u00f3 la situaci\u00f3n econ\u00f3mica, social y pol\u00edtica del pa\u00eds. Habl\u00f3 sobre el conflicto que mantiene el gobierno con las universidades p\u00fablicas y la interna dentro del&nbsp;<strong>PRO<\/strong>&nbsp;y la posici\u00f3n que tomar\u00e1n frente al&nbsp;<em><strong>veto<\/strong><\/em>&nbsp;de&nbsp;<strong>Javier Milei<\/strong>.<\/p>\n\n\n\n<p><em><strong>\u201cCreo que el Pro no puede salir a caminar a la calle si est\u00e1 en contra de la educaci\u00f3n universitaria, porque si uno ve los dirigentes del Pro, la mayor\u00eda son egresados\u201d<\/strong><\/em>&nbsp;analiz\u00f3 Elisa Carri\u00f3. Y agreg\u00f3:&nbsp;<em><strong>\u201cCreo que tambi\u00e9n el ministro de Econom\u00eda, Luis Caputo, es egresado de la UBA<\/strong><\/em>. Yo creo que finalmente se lo est\u00e1n tragando a&nbsp;<strong>Macri<\/strong>. C\u00f3mo era evidente que se lo iban a tragar\u201d<\/p>\n\n\n\n<p>Por otro lado, opin\u00f3 sobre el posicionamiento de&nbsp;<strong>Patricia Bullrich<\/strong>&nbsp;en la&nbsp;<strong>Libertad Avanza<\/strong>: \u201cEs evidente que lo iba a hacer, porque yo la quiero mucho, pero la conozco. Va comprando dirigente por dirigente.&nbsp;<em><strong>Ella se va con el que tiene \u00e9xito\u201d<\/strong><\/em><\/p>\n\n\n\n<p>Elisa Carri\u00f3 en otro tramo de la entrevista a&nbsp;<em><strong>CNN Radio<\/strong><\/em>&nbsp;se refiri\u00f3 a&nbsp;<strong>Javier Milei<\/strong>&nbsp;e indic\u00f3:&nbsp;<em><strong>\u201c\u00c9l mata por desfinanciamiento<\/strong><\/em>.&nbsp;<em><strong>Es un<\/strong><\/em>&nbsp;<em><strong>roedor<\/strong><\/em>&nbsp;y estoy utilizando las palabras del propio Milei, que nadie se atreve a repetirlas, pero que las dijo por toda Europa: \u2018Yo soy el roedor que viene a destruir el Estado Nacional, que es una asociaci\u00f3n il\u00edcita\u2019\u201d<\/p>\n\n\n\n<h2 class=\"wp-block-heading\">Elisa Carri\u00f3 habl\u00f3 sobre su futuro pol\u00edtico y la actualidad del pa\u00eds<\/h2>\n\n\n\n<p>La l\u00edder de la&nbsp;<strong>Coalici\u00f3n C\u00edvica<\/strong>&nbsp;brind\u00f3 una extensa entrevista y analiz\u00f3 la coyuntura actual argentina. Habl\u00f3 de&nbsp;<strong>Mauricio Macri<\/strong>,&nbsp;<strong>Patricia Bullrich<\/strong>&nbsp;y&nbsp;<strong>Javier Milei<\/strong>.<\/p>\n\n\n\n<p>Elisa Carri\u00f3 expres\u00f3 que analiza volver a ser candidata en 2025:&nbsp;<em><strong>\u201cSeguramente sea candidata si est\u00e1 en juego el tronco de la Constituci\u00f3n Nacional\u201d&nbsp;<\/strong><\/em>y agreg\u00f3: \u201cNo me preocupa a qui\u00e9n me enfrente porque yo defiendo principios, no me enfrento a nadie. Solo enarbolo banderas de principios y&nbsp;<em><strong>no le tengo miedo a nadie\u201d<\/strong><\/em><\/p>\n","protected":false},"excerpt":{"rendered":"<p>La dirigente de la Coalici\u00f3n C\u00edvica se refiri\u00f3 a la coyuntura actual. Elisa Carri\u00f3, l\u00edder de la&nbsp;Coalici\u00f3n C\u00edvica, analiz\u00f3 la situaci\u00f3n econ\u00f3mica, social y pol\u00edtica del pa\u00eds. Habl\u00f3 sobre el conflicto que mantiene el gobierno con las universidades p\u00fablicas y la interna dentro del&nbsp;PRO&nbsp;y la posici\u00f3n que tomar\u00e1n frente al&nbsp;veto&nbsp;de&nbsp;Javier Milei. \u201cCreo que el Pro [&hellip;]<\/p>\n","protected":false},"author":2,"featured_media":2374,"comment_status":"open","ping_status":"open","sticky":false,"template":"","format":"standard","meta":{"footnotes":""},"categories":[26],"tags":[],"class_list":{"0":"post-2373","1":"post","2":"type-post","3":"status-publish","4":"format-standard","5":"has-post-thumbnail","7":"category-nacionales"},"aioseo_notices":[],"_links":{"self":[{"href":"https:\/\/lalupa24.com.ar\/index.php\/wp-json\/wp\/v2\/posts\/2373","targetHints":{"allow":["GET"]}}],"collection":[{"href":"https:\/\/lalupa24.com.ar\/index.php\/wp-json\/wp\/v2\/posts"}],"about":[{"href":"https:\/\/lalupa24.com.ar\/index.php\/wp-json\/wp\/v2\/types\/post"}],"author":[{"embeddable":true,"href":"https:\/\/lalupa24.com.ar\/index.php\/wp-json\/wp\/v2\/users\/2"}],"replies":[{"embeddable":true,"href":"https:\/\/lalupa24.com.ar\/index.php\/wp-json\/wp\/v2\/comments?post=2373"}],"version-history":[{"count":1,"href":"https:\/\/lalupa24.com.ar\/index.php\/wp-json\/wp\/v2\/posts\/2373\/revisions"}],"predecessor-version":[{"id":2375,"href":"https:\/\/lalupa24.com.ar\/index.php\/wp-json\/wp\/v2\/posts\/2373\/revisions\/2375"}],"wp:featuredmedia":[{"embeddable":true,"href":"https:\/\/lalupa24.com.ar\/index.php\/wp-json\/wp\/v2\/media\/2374"}],"wp:attachment":[{"href":"https:\/\/lalupa24.com.ar\/index.php\/wp-json\/wp\/v2\/media?parent=2373"}],"wp:term":[{"taxonomy":"category","embeddable":true,"href":"https:\/\/lalupa24.com.ar\/index.php\/wp-json\/wp\/v2\/categories?post=2373"},{"taxonomy":"post_tag","embeddable":true,"href":"https:\/\/lalupa24.com.ar\/index.php\/wp-json\/wp\/v2\/tags?post=2373"}],"curies":[{"name":"wp","href":"https:\/\/api.w.org\/{rel}","templated":true}]}}