{"id":2399,"date":"2024-10-09T11:12:15","date_gmt":"2024-10-09T14:12:15","guid":{"rendered":"https:\/\/lalupa24.com.ar\/?p=2399"},"modified":"2024-10-09T11:12:16","modified_gmt":"2024-10-09T14:12:16","slug":"alarma-en-la-rosada-porque-los-diputados-de-jaldo-ponen-en-duda-el-apoyo-al-veto-se-define-en-el-recinto","status":"publish","type":"post","link":"https:\/\/lalupa24.com.ar\/index.php\/2024\/10\/09\/alarma-en-la-rosada-porque-los-diputados-de-jaldo-ponen-en-duda-el-apoyo-al-veto-se-define-en-el-recinto\/","title":{"rendered":"Alarma en la Rosada porque los diputados de Jaldo ponen en duda el apoyo al veto: &#8220;Se define en el recinto&#8221;"},"content":{"rendered":"\n<p><br>A horas que se trate el rechazo al veto del presidente Milei en la Casa Rosada se encendieron todas las alarmas porque los diputados que responden al gobernador Osvaldo Jaldo no definieron su respaldo al veto de Javier Milei contra las universidades p\u00fablicas.<\/p>\n\n\n\n<p>Fuentes del Congreso dijeron  que los tucumanos que integran el bloque Independencia, Agust\u00edn Fern\u00e1ndez, Elia Marina Fern\u00e1ndez y Gladys Medina, piensan definir su podisci\u00f3n &#8220;en el recinto&#8221;.\u00a0<\/p>\n\n\n\n<p>Una de las diputadas reconoci\u00f3 que convers\u00f3 telef\u00f3nicamente con el mandatario provincial este lunes pero aclar\u00f3 que &#8220;Jaldo no da directivas por tel\u00e9fono&#8221;.&nbsp;<\/p>\n\n\n\n<p>Otro integrante de la misma bancada, un desprendimiento de Uni\u00f3n por la Patria por la sinton\u00eda de Jaldo con Milei, revel\u00f3 que este lunes que esperaban un di\u00e1logo con el gobernador para definir su posici\u00f3n. Sin embargo, desde la capital tucumana indicaron a este medio que la decisi\u00f3n &#8220;se tomar\u00e1 en el recinto&#8221;.<\/p>\n\n\n\n<p>Esa incertidumbre pone en crisis al gobierno, que en su cuenta se ubica entre 83 y 84 votos, cuando necesita 87 para estar tranquilo que el veto del Presidente al financiamiento universitario se mantiene. Sin los tucumanos, el oficialismo no llegar\u00eda al tercio o tendr\u00eda que recoger voluntades en otras bancadas, m\u00e1s alejadas a\u00fan.<\/p>\n\n\n\n<p>Por eso, los funcionarios de Balcarce 50 trabajaban ayer con total intensidad para que otros gobernadores retiren a su tropa del recinto. Sin posibilidad de sumar, apostaban al ausentismo de aliados.<\/p>\n\n\n\n<p>En Catamarca, por caso, admitieron que recibieron llamados del gobierno para que Ra\u00fal Jalil saque a alguno de sus cuatro legisladores del recinto. Sin embargo, hasta el momento se calculaba que el bloque de Germ\u00e1n Mart\u00ednez no tendr\u00eda bajas este mi\u00e9rcoles.&nbsp;<\/p>\n","protected":false},"excerpt":{"rendered":"<p>A horas que se trate el rechazo al veto del presidente Milei en la Casa Rosada se encendieron todas las alarmas porque los diputados que responden al gobernador Osvaldo Jaldo no definieron su respaldo al veto de Javier Milei contra las universidades p\u00fablicas. Fuentes del Congreso dijeron que los tucumanos que integran el bloque Independencia, [&hellip;]<\/p>\n","protected":false},"author":2,"featured_media":2400,"comment_status":"open","ping_status":"open","sticky":false,"template":"","format":"standard","meta":{"footnotes":""},"categories":[26],"tags":[],"class_list":{"0":"post-2399","1":"post","2":"type-post","3":"status-publish","4":"format-standard","5":"has-post-thumbnail","7":"category-nacionales"},"aioseo_notices":[],"_links":{"self":[{"href":"https:\/\/lalupa24.com.ar\/index.php\/wp-json\/wp\/v2\/posts\/2399","targetHints":{"allow":["GET"]}}],"collection":[{"href":"https:\/\/lalupa24.com.ar\/index.php\/wp-json\/wp\/v2\/posts"}],"about":[{"href":"https:\/\/lalupa24.com.ar\/index.php\/wp-json\/wp\/v2\/types\/post"}],"author":[{"embeddable":true,"href":"https:\/\/lalupa24.com.ar\/index.php\/wp-json\/wp\/v2\/users\/2"}],"replies":[{"embeddable":true,"href":"https:\/\/lalupa24.com.ar\/index.php\/wp-json\/wp\/v2\/comments?post=2399"}],"version-history":[{"count":1,"href":"https:\/\/lalupa24.com.ar\/index.php\/wp-json\/wp\/v2\/posts\/2399\/revisions"}],"predecessor-version":[{"id":2401,"href":"https:\/\/lalupa24.com.ar\/index.php\/wp-json\/wp\/v2\/posts\/2399\/revisions\/2401"}],"wp:featuredmedia":[{"embeddable":true,"href":"https:\/\/lalupa24.com.ar\/index.php\/wp-json\/wp\/v2\/media\/2400"}],"wp:attachment":[{"href":"https:\/\/lalupa24.com.ar\/index.php\/wp-json\/wp\/v2\/media?parent=2399"}],"wp:term":[{"taxonomy":"category","embeddable":true,"href":"https:\/\/lalupa24.com.ar\/index.php\/wp-json\/wp\/v2\/categories?post=2399"},{"taxonomy":"post_tag","embeddable":true,"href":"https:\/\/lalupa24.com.ar\/index.php\/wp-json\/wp\/v2\/tags?post=2399"}],"curies":[{"name":"wp","href":"https:\/\/api.w.org\/{rel}","templated":true}]}}