{"id":2402,"date":"2024-10-09T11:14:57","date_gmt":"2024-10-09T14:14:57","guid":{"rendered":"https:\/\/lalupa24.com.ar\/?p=2402"},"modified":"2024-10-09T11:14:59","modified_gmt":"2024-10-09T14:14:59","slug":"petri-manda-apoyo-militar-a-medio-oriente-en-medio-de-la-guerra-entre-israel-e-iran","status":"publish","type":"post","link":"https:\/\/lalupa24.com.ar\/index.php\/2024\/10\/09\/petri-manda-apoyo-militar-a-medio-oriente-en-medio-de-la-guerra-entre-israel-e-iran\/","title":{"rendered":"Petri manda apoyo militar a Medio Oriente en medio de la guerra entre Israel e Ir\u00e1n"},"content":{"rendered":"\n<p>Argentina se sum\u00f3 a las Fuerzas Mar\u00edtimas Combinadas comandadas por Estados Unidos. En Defensa dicen que &#8220;solo se trata de entrenar y conocer c\u00f3mo se desarrollan las actividades de protecci\u00f3n&#8221;.<\/p>\n\n\n\n<p>El gobierno dio un paso m\u00e1s en el alineamiento autom\u00e1tico con Estados Unidos e Israel y se sum\u00f3 de manera formal a&nbsp;las Fuerzas Mar\u00edtimas Combinadas. Se trata de una fuerza militar integrada por 46 pa\u00edses y esta bajo las \u00f3rdenes de un comandante de Estados Unidos y un vicecomandante de Reino Unido.&nbsp;<\/p>\n\n\n\n<p>El objetivo de esta es fuerza es garantizar la circulaci\u00f3n de algunas de las v\u00edas comerciales en Medio Oriente en un contexto de guerra total. Seg\u00fan pudo saber LPO, esta fuerza no participa directamente de los conflictos armados pero tiene entre sus objetivos &#8220;contrarrestar los ataques de la milicia hut\u00ed, un aliado proxy de Ir\u00e1n en Yemen que escal\u00f3 sus agresiones desde el inicio de la ofensiva israel\u00ed contra el territorio palestino de la Franja de Gaza.<\/p>\n\n\n\n<p>El Destape\u00a0detall\u00f3\u00a0que la participaci\u00f3n argentina ser\u00e1 con la presencia de un oficial y un suboficial que solo realizar\u00e1n tareas de entrenamiento desde la sede de la CMF, informaci\u00f3n que fue confirmada por fuentes del ministerio de Defensa.\u00a0<\/p>\n\n\n\n<p>Cabe destacar las Fuerzas Mar\u00edtimas Combinadas representa a la quinta flota de Estados Unidos en Bahrein, una monarqu\u00eda petrolera del Golfo P\u00e9rsico. &nbsp;En Defensa aclaran que el rol de Argentina est\u00e1 vinculado con las directrices de pol\u00edtica exterior que explicit\u00f3 el propio Milei pero es un intercambio que ya realizan otro pa\u00edses.<\/p>\n\n\n\n<p>De todas formas, la presencia en la zona pone al pa\u00eds en el riesgo de pelear directamente con fuerzas pro-iran\u00edes en Yemen aunque en ese caso se necesita apoyo del Congreso.&nbsp;<\/p>\n\n\n\n<p>Fuentes de Defensa que &#8220;vamos a participar de la fuerza 150 de seguridad mar\u00edtima. Tiene que ver con entrenar y conocer c\u00f3mo se desarrollan las actividades de protecci\u00f3n de l\u00edneas de comunicaci\u00f3n naval&#8221;.\u00a0<\/p>\n\n\n\n<p>&#8220;En 2025 se prev\u00e9 una participaci\u00f3n de m\u00e1ximo dos hombres de la Armada. \u00a0Un oficial y un suboficial para entender el entorno operativo&#8221;, afirman.<br><\/p>\n\n\n\n<figure class=\"wp-block-image\"><img decoding=\"async\" src=\"https:\/\/www.lapoliticaonline.com\/files\/image\/237\/237163\/66fc8198e4a1b_798_526!.jpg?s=ff3dfaddf0c4cace8dacd785787355f6&amp;d=1728438292\" alt=\"Ataque de Ir\u00e1n a Israel.&nbsp;\"\/><\/figure>\n\n\n\n<p>Sobre la posibilidad de un conflicto con Ir\u00e1n o sus proxy, esta fuente asegura que &#8220;no, porque la fuerza militar no est\u00e1 en contra de un X o de un Z sino que provee protecci\u00f3n a las l\u00edneas de comunicaci\u00f3n naval. El formato coalici\u00f3n de voluntad permiti\u00f3 establecer que como y en qu\u00e9 forma participar de este tipo de iniciativas.&nbsp;Por ahora es ver y entender el entorno operacional&#8221;.&nbsp;<\/p>\n","protected":false},"excerpt":{"rendered":"<p>Argentina se sum\u00f3 a las Fuerzas Mar\u00edtimas Combinadas comandadas por Estados Unidos. En Defensa dicen que &#8220;solo se trata de entrenar y conocer c\u00f3mo se desarrollan las actividades de protecci\u00f3n&#8221;. El gobierno dio un paso m\u00e1s en el alineamiento autom\u00e1tico con Estados Unidos e Israel y se sum\u00f3 de manera formal a&nbsp;las Fuerzas Mar\u00edtimas Combinadas. [&hellip;]<\/p>\n","protected":false},"author":2,"featured_media":2403,"comment_status":"open","ping_status":"open","sticky":false,"template":"","format":"standard","meta":{"footnotes":""},"categories":[26],"tags":[],"class_list":{"0":"post-2402","1":"post","2":"type-post","3":"status-publish","4":"format-standard","5":"has-post-thumbnail","7":"category-nacionales"},"aioseo_notices":[],"_links":{"self":[{"href":"https:\/\/lalupa24.com.ar\/index.php\/wp-json\/wp\/v2\/posts\/2402","targetHints":{"allow":["GET"]}}],"collection":[{"href":"https:\/\/lalupa24.com.ar\/index.php\/wp-json\/wp\/v2\/posts"}],"about":[{"href":"https:\/\/lalupa24.com.ar\/index.php\/wp-json\/wp\/v2\/types\/post"}],"author":[{"embeddable":true,"href":"https:\/\/lalupa24.com.ar\/index.php\/wp-json\/wp\/v2\/users\/2"}],"replies":[{"embeddable":true,"href":"https:\/\/lalupa24.com.ar\/index.php\/wp-json\/wp\/v2\/comments?post=2402"}],"version-history":[{"count":1,"href":"https:\/\/lalupa24.com.ar\/index.php\/wp-json\/wp\/v2\/posts\/2402\/revisions"}],"predecessor-version":[{"id":2404,"href":"https:\/\/lalupa24.com.ar\/index.php\/wp-json\/wp\/v2\/posts\/2402\/revisions\/2404"}],"wp:featuredmedia":[{"embeddable":true,"href":"https:\/\/lalupa24.com.ar\/index.php\/wp-json\/wp\/v2\/media\/2403"}],"wp:attachment":[{"href":"https:\/\/lalupa24.com.ar\/index.php\/wp-json\/wp\/v2\/media?parent=2402"}],"wp:term":[{"taxonomy":"category","embeddable":true,"href":"https:\/\/lalupa24.com.ar\/index.php\/wp-json\/wp\/v2\/categories?post=2402"},{"taxonomy":"post_tag","embeddable":true,"href":"https:\/\/lalupa24.com.ar\/index.php\/wp-json\/wp\/v2\/tags?post=2402"}],"curies":[{"name":"wp","href":"https:\/\/api.w.org\/{rel}","templated":true}]}}