{"id":2405,"date":"2024-10-09T11:20:24","date_gmt":"2024-10-09T14:20:24","guid":{"rendered":"https:\/\/lalupa24.com.ar\/?p=2405"},"modified":"2024-10-09T11:20:26","modified_gmt":"2024-10-09T14:20:26","slug":"moyano-lanzo-un-paro-de-transporte-y-buscan-sumar-a-los-colectiveros","status":"publish","type":"post","link":"https:\/\/lalupa24.com.ar\/index.php\/2024\/10\/09\/moyano-lanzo-un-paro-de-transporte-y-buscan-sumar-a-los-colectiveros\/","title":{"rendered":"Moyano lanz\u00f3 un paro de transporte y buscan sumar a los colectiveros"},"content":{"rendered":"\n<p>Ser\u00e1 el 30 de octubre y en principio afectar\u00e1 a los servicios de trenes, aviones, camiones y barcos. Dudas sobre la UTA.<\/p>\n\n\n\n<p><br>Los gremios del transporte lanzaron un paro nacional contra el gobierno de Javier Milei, pero todav\u00eda hay dudas sobre si ser\u00e1 total porque los colectiveros de la UTA no confirman su participaci\u00f3n.<\/p>\n\n\n\n<p>La medida de fuerza ser\u00e1 el 30 de octubre, dos semanas despu\u00e9s de lo que hab\u00eda trascendido, y en&nbsp;principio afectar\u00e1 a los servicios de trenes, aviones, camiones y barcos.<\/p>\n\n\n\n<p>La decisi\u00f3n fue anunciada luego del plenario de los referentes de la Confederaci\u00f3n Argentina de Trabajadores del Transporte (CATT) y la Uni\u00f3n General de Asociaciones Sindicales de Trabajadores del Transporte (UGATT), que lideran Pablo Moyano y Omar Maturano respectivamente.<\/p>\n\n\n\n<p>Los gremios que ya garantizaron su adhesi\u00f3n a la medida son&nbsp;Camioneros, APLA (pilotos), Aeronavegantes, La Fraternidad (trenes), Dragado y Balizamiento y los mar\u00edtimos del SOMU, entre otros.<\/p>\n\n\n\n<p>La gran duda pasa por la postura que tomar\u00e1&nbsp;la Uni\u00f3n Tranviarios Automotor (UTA). El gremio que lidera Roberto Fern\u00e1ndez est\u00e1 en plenas negociaciones salariales y ya dio se\u00f1ales de que podr\u00eda desistir de sumarse al paro. De hecho, Fern\u00e1ndez no estuvo en el plenario y mand\u00f3 a su mano derecha, Mario Calegari.<\/p>\n\n\n\n<p>La esperanza del resto de los gremios es que los colectiveros se sumen al paro en caso de no cerrar la paritaria. En ese sentido, trascendi\u00f3 que la postergaci\u00f3n de la fecha tiene que ver con los plazos de la conciliaci\u00f3n obligatoria que impiden a la UTA hacer medidas de fuerza.<\/p>\n\n\n\n<p>La adhesi\u00f3n de la UTA es clave para frenar totalmente el transporte y conseguir un virtual paro nacional, aunque en la \u00faltima medida las l\u00edneas del Grupo DOTA (muy cercano al gobierno de Milei) no se plegaron y mantuvieron el movimiento en la Ciudad de Buenos Aires y el Conurbano. DOTA maneja directa e indirectamente el 70% de las l\u00edneas.<\/p>\n","protected":false},"excerpt":{"rendered":"<p>Ser\u00e1 el 30 de octubre y en principio afectar\u00e1 a los servicios de trenes, aviones, camiones y barcos. Dudas sobre la UTA. Los gremios del transporte lanzaron un paro nacional contra el gobierno de Javier Milei, pero todav\u00eda hay dudas sobre si ser\u00e1 total porque los colectiveros de la UTA no confirman su participaci\u00f3n. La [&hellip;]<\/p>\n","protected":false},"author":2,"featured_media":2406,"comment_status":"open","ping_status":"open","sticky":false,"template":"","format":"standard","meta":{"footnotes":""},"categories":[26],"tags":[],"class_list":{"0":"post-2405","1":"post","2":"type-post","3":"status-publish","4":"format-standard","5":"has-post-thumbnail","7":"category-nacionales"},"aioseo_notices":[],"_links":{"self":[{"href":"https:\/\/lalupa24.com.ar\/index.php\/wp-json\/wp\/v2\/posts\/2405","targetHints":{"allow":["GET"]}}],"collection":[{"href":"https:\/\/lalupa24.com.ar\/index.php\/wp-json\/wp\/v2\/posts"}],"about":[{"href":"https:\/\/lalupa24.com.ar\/index.php\/wp-json\/wp\/v2\/types\/post"}],"author":[{"embeddable":true,"href":"https:\/\/lalupa24.com.ar\/index.php\/wp-json\/wp\/v2\/users\/2"}],"replies":[{"embeddable":true,"href":"https:\/\/lalupa24.com.ar\/index.php\/wp-json\/wp\/v2\/comments?post=2405"}],"version-history":[{"count":1,"href":"https:\/\/lalupa24.com.ar\/index.php\/wp-json\/wp\/v2\/posts\/2405\/revisions"}],"predecessor-version":[{"id":2407,"href":"https:\/\/lalupa24.com.ar\/index.php\/wp-json\/wp\/v2\/posts\/2405\/revisions\/2407"}],"wp:featuredmedia":[{"embeddable":true,"href":"https:\/\/lalupa24.com.ar\/index.php\/wp-json\/wp\/v2\/media\/2406"}],"wp:attachment":[{"href":"https:\/\/lalupa24.com.ar\/index.php\/wp-json\/wp\/v2\/media?parent=2405"}],"wp:term":[{"taxonomy":"category","embeddable":true,"href":"https:\/\/lalupa24.com.ar\/index.php\/wp-json\/wp\/v2\/categories?post=2405"},{"taxonomy":"post_tag","embeddable":true,"href":"https:\/\/lalupa24.com.ar\/index.php\/wp-json\/wp\/v2\/tags?post=2405"}],"curies":[{"name":"wp","href":"https:\/\/api.w.org\/{rel}","templated":true}]}}