{"id":2422,"date":"2024-10-13T13:09:02","date_gmt":"2024-10-13T16:09:02","guid":{"rendered":"https:\/\/lalupa24.com.ar\/?p=2422"},"modified":"2024-10-13T13:09:03","modified_gmt":"2024-10-13T16:09:03","slug":"el-gobernador-zdero-acompano-la-feria-internacional-de-arte-a362","status":"publish","type":"post","link":"https:\/\/lalupa24.com.ar\/index.php\/2024\/10\/13\/el-gobernador-zdero-acompano-la-feria-internacional-de-arte-a362\/","title":{"rendered":"El gobernador Zdero acompa\u00f1\u00f3 la feria internacional de arte A362"},"content":{"rendered":"\n<p>El gobernador Leandro Zdero, acompa\u00f1\u00f3 anoche, la Feria Internacional de Arte A362, en el Club Social de Resistencia, que estimula la creaci\u00f3n art\u00edstica; un lugar, donde no solo se celebra la creatividad y el talento, sino que tambi\u00e9n se fomenta el di\u00e1logo, el intercambio y ese ecosistema con los diferentes actores del sector.<\/p>\n\n\n\n<p>A362 tiene desde pinturas hasta esculturas que desaf\u00edan la gravedad, con artistas de todo tipo, intervenciones, sector dedicado a los grandes maestros del arte chaque\u00f1o; galer\u00edas que hacen su selecci\u00f3n a partir de grandes maestros y galer\u00edas m\u00e1s j\u00f3venes. El objetivo de la feria es bajar la barrera \u201cde que el arte es para un p\u00fablico reducido\u201d.&nbsp; La agenda de la Feria incluye tambi\u00e9n charlas, conversatorios y al atardecer, durante estos d\u00edas, se abri\u00f3 el patio con espect\u00e1culos y gastronom\u00eda local. Adem\u00e1s anoche fueron premiados los artistas que se destacaron con sus trabajos.<\/p>\n\n\n\n<p>En este sentido, el Gobernador Zdero expres\u00f3: \u201cnos enorgullece much\u00edsimo, como chaque\u00f1os, que la Feria A362, una feria joven, pero con una gran identidad pueda mostrarse en todas sus dimensiones; nosotros, como Gobierno del Chaco, vamos a acompa\u00f1arlos a\u00f1o tras a\u00f1o y con el compromiso tambi\u00e9n de premiar en los pr\u00f3ximos a\u00f1os con el premio MUBA (Museo de Bellas Artes), que ser\u00e1 el premio adquisici\u00f3n a 3 obras y que despu\u00e9s queden incorporados al patrimonio de todos los chaque\u00f1os. Debemos sentirnos m\u00e1s protagonistas, de una ciudad magn\u00edfica como Resistencia que nos invita todo el a\u00f1o a respirar arte\u201d.<\/p>\n\n\n\n<p>Mario Zorrilla: \u201cLa presencia del Gobernador implica mucho. No es lo mismo decir \u201cvamos a apoyar\u201d que venir hasta ac\u00e1 y darles una palmada de aliento\u201d<\/p>\n\n\n\n<p>Por su parte, Mario Zorrilla, presidente del Instituto de Cultura del Chaco, remarc\u00f3: \u201cLa verdad, estamos muy agradecidos con el Gobernador, hoy nos honr\u00f3 con su presencia y esto que no suene a algo formal; la presencia del Gobernador implica mucho. No es lo mismo decir \u201cvamos a apoyar\u201d que venir hasta ac\u00e1 y darles una palmada de aliento\u201d, escucharlos, porque los artistas, de alguna manera, sienten el respaldo. Ellos quieren tambi\u00e9n contar sus obras y con el esp\u00edritu de la Feria que es mostrar al mercado sus obras, venderlas, as\u00ed que el objetivo est\u00e1 cumplid\u00edsimo\u201d.<\/p>\n\n\n\n<p>Marylin Crist\u00f3fani: \u201cNos queda este domingo para disfrutar y concluir la Feria\u201d<\/p>\n\n\n\n<p>Por \u00faltimo, la presidente del Club Social, sobre este evento, manifest\u00f3: \u201cTodav\u00eda nos queda un d\u00eda m\u00e1s, este domingo, para disfrutar m\u00e1s de las jornadas maravillosas que han transcurrido. Adem\u00e1s, pusimos en valor este edificio, el Club Social que ya tiene 112 a\u00f1os donde hace much\u00edsimos a\u00f1os se hac\u00eda m\u00fasica, presentaciones de libros, hasta salas de cine tuvimos ac\u00e1; despu\u00e9s eso cay\u00f3 y ahora estamos revalorizando nuestro patrimonio que es de todos los chaque\u00f1os. Para nosotros, una alegr\u00eda, hacer que la gente se acerque, conozca la Feria, y porque nos marca tambi\u00e9n como identidad a la provincia\u201d.<\/p>\n","protected":false},"excerpt":{"rendered":"<p>El gobernador Leandro Zdero, acompa\u00f1\u00f3 anoche, la Feria Internacional de Arte A362, en el Club Social de Resistencia, que estimula la creaci\u00f3n art\u00edstica; un lugar, donde no solo se celebra la creatividad y el talento, sino que tambi\u00e9n se fomenta el di\u00e1logo, el intercambio y ese ecosistema con los diferentes actores del sector. A362 tiene [&hellip;]<\/p>\n","protected":false},"author":11,"featured_media":2423,"comment_status":"open","ping_status":"open","sticky":false,"template":"","format":"standard","meta":{"footnotes":""},"categories":[28],"tags":[],"class_list":{"0":"post-2422","1":"post","2":"type-post","3":"status-publish","4":"format-standard","5":"has-post-thumbnail","7":"category-locales"},"aioseo_notices":[],"_links":{"self":[{"href":"https:\/\/lalupa24.com.ar\/index.php\/wp-json\/wp\/v2\/posts\/2422","targetHints":{"allow":["GET"]}}],"collection":[{"href":"https:\/\/lalupa24.com.ar\/index.php\/wp-json\/wp\/v2\/posts"}],"about":[{"href":"https:\/\/lalupa24.com.ar\/index.php\/wp-json\/wp\/v2\/types\/post"}],"author":[{"embeddable":true,"href":"https:\/\/lalupa24.com.ar\/index.php\/wp-json\/wp\/v2\/users\/11"}],"replies":[{"embeddable":true,"href":"https:\/\/lalupa24.com.ar\/index.php\/wp-json\/wp\/v2\/comments?post=2422"}],"version-history":[{"count":1,"href":"https:\/\/lalupa24.com.ar\/index.php\/wp-json\/wp\/v2\/posts\/2422\/revisions"}],"predecessor-version":[{"id":2424,"href":"https:\/\/lalupa24.com.ar\/index.php\/wp-json\/wp\/v2\/posts\/2422\/revisions\/2424"}],"wp:featuredmedia":[{"embeddable":true,"href":"https:\/\/lalupa24.com.ar\/index.php\/wp-json\/wp\/v2\/media\/2423"}],"wp:attachment":[{"href":"https:\/\/lalupa24.com.ar\/index.php\/wp-json\/wp\/v2\/media?parent=2422"}],"wp:term":[{"taxonomy":"category","embeddable":true,"href":"https:\/\/lalupa24.com.ar\/index.php\/wp-json\/wp\/v2\/categories?post=2422"},{"taxonomy":"post_tag","embeddable":true,"href":"https:\/\/lalupa24.com.ar\/index.php\/wp-json\/wp\/v2\/tags?post=2422"}],"curies":[{"name":"wp","href":"https:\/\/api.w.org\/{rel}","templated":true}]}}