{"id":2450,"date":"2024-10-15T10:10:54","date_gmt":"2024-10-15T13:10:54","guid":{"rendered":"https:\/\/lalupa24.com.ar\/?p=2450"},"modified":"2024-10-15T10:10:55","modified_gmt":"2024-10-15T13:10:55","slug":"vuelve-el-poder-legislativo-juvenil","status":"publish","type":"post","link":"https:\/\/lalupa24.com.ar\/index.php\/2024\/10\/15\/vuelve-el-poder-legislativo-juvenil\/","title":{"rendered":"Vuelve el poder legislativo juvenil"},"content":{"rendered":"\n<p><\/p>\n\n\n\n<p>La asunci\u00f3n de los 32 nuevos representantes del Parlamento Juvenil ser\u00e1 el pr\u00f3ximo jueves 17, a las 12 en el recinto de Sesiones \u201cDeolindo Felipe Bittel\u201d de la Legislatura, donde se elegir\u00e1 Presidente, Vicepresidente Primero y Segundo. El objetivo de este espacio es fortalecer la formaci\u00f3n c\u00edvica, la participaci\u00f3n ciudadana y el compromiso directo con el sistema democr\u00e1tico, de adolescentes y j\u00f3venes.<\/p>\n\n\n\n<p>Esta iniciativa que busca establecer v\u00ednculos de correspondencia con la comunidad educativa en establecimientos de nivel secundario, p\u00fablicos y privados de la Provincia, fue creada por ley N\u00ba2234-A que instituye la creaci\u00f3n con car\u00e1cter permanente el Poder Legislativo Juvenil, espacio que tendr\u00e1 por finalidad promover el ejercicio legislativo y formar a quienes en un futuro inmediato ser\u00e1n responsables del ejercicio de la democracia y dirigir\u00e1n los destinos de los organismos republicanos de gobierno.<\/p>\n\n\n\n<p>Este espacio est\u00e1 destinado a alumnos regulares de 3ro y 5to. a\u00f1o de nivel secundario, que est\u00e9n cursando en establecimientos p\u00fablicos y privados. Se conformar\u00e1 con 32 j\u00f3venes titulares y suplentes los que deben estar radicados en la Provincia y tener entre 15 y 18 a\u00f1os de edad. El Poder Legislativo Juvenil, se reunir\u00e1 tanta veces como sea necesario, para dar tratamiento a la mayor cantidad de proyectos ideas de ley presentados por los legisladores juveniles.<\/p>\n\n\n\n<p>Los parlamentarios fueron seleccionados desde distintos establecimientos de la provincia, y los proyectos ideas de ley que debatir\u00e1n deben ser de car\u00e1cter comunitario, p\u00fablico y guardar coherencia con los objetivos fijados; no involucrar directamente a una persona en forma particular; confeccionarse y elaborarse de acuerdo con normas de fondo y de forma vigentes.<\/p>\n","protected":false},"excerpt":{"rendered":"<p>La asunci\u00f3n de los 32 nuevos representantes del Parlamento Juvenil ser\u00e1 el pr\u00f3ximo jueves 17, a las 12 en el recinto de Sesiones \u201cDeolindo Felipe Bittel\u201d de la Legislatura, donde se elegir\u00e1 Presidente, Vicepresidente Primero y Segundo. El objetivo de este espacio es fortalecer la formaci\u00f3n c\u00edvica, la participaci\u00f3n ciudadana y el compromiso directo con [&hellip;]<\/p>\n","protected":false},"author":2,"featured_media":2451,"comment_status":"open","ping_status":"open","sticky":false,"template":"","format":"standard","meta":{"footnotes":""},"categories":[28],"tags":[],"class_list":{"0":"post-2450","1":"post","2":"type-post","3":"status-publish","4":"format-standard","5":"has-post-thumbnail","7":"category-locales"},"aioseo_notices":[],"_links":{"self":[{"href":"https:\/\/lalupa24.com.ar\/index.php\/wp-json\/wp\/v2\/posts\/2450","targetHints":{"allow":["GET"]}}],"collection":[{"href":"https:\/\/lalupa24.com.ar\/index.php\/wp-json\/wp\/v2\/posts"}],"about":[{"href":"https:\/\/lalupa24.com.ar\/index.php\/wp-json\/wp\/v2\/types\/post"}],"author":[{"embeddable":true,"href":"https:\/\/lalupa24.com.ar\/index.php\/wp-json\/wp\/v2\/users\/2"}],"replies":[{"embeddable":true,"href":"https:\/\/lalupa24.com.ar\/index.php\/wp-json\/wp\/v2\/comments?post=2450"}],"version-history":[{"count":1,"href":"https:\/\/lalupa24.com.ar\/index.php\/wp-json\/wp\/v2\/posts\/2450\/revisions"}],"predecessor-version":[{"id":2452,"href":"https:\/\/lalupa24.com.ar\/index.php\/wp-json\/wp\/v2\/posts\/2450\/revisions\/2452"}],"wp:featuredmedia":[{"embeddable":true,"href":"https:\/\/lalupa24.com.ar\/index.php\/wp-json\/wp\/v2\/media\/2451"}],"wp:attachment":[{"href":"https:\/\/lalupa24.com.ar\/index.php\/wp-json\/wp\/v2\/media?parent=2450"}],"wp:term":[{"taxonomy":"category","embeddable":true,"href":"https:\/\/lalupa24.com.ar\/index.php\/wp-json\/wp\/v2\/categories?post=2450"},{"taxonomy":"post_tag","embeddable":true,"href":"https:\/\/lalupa24.com.ar\/index.php\/wp-json\/wp\/v2\/tags?post=2450"}],"curies":[{"name":"wp","href":"https:\/\/api.w.org\/{rel}","templated":true}]}}