{"id":2456,"date":"2024-10-16T09:30:53","date_gmt":"2024-10-16T12:30:53","guid":{"rendered":"https:\/\/lalupa24.com.ar\/?p=2456"},"modified":"2024-11-05T20:41:10","modified_gmt":"2024-11-05T23:41:10","slug":"bloque-de-integracion-region-litoral-por-chaco-livio-gutierrez-integra-la-mesa-ejecutiva","status":"publish","type":"post","link":"https:\/\/lalupa24.com.ar\/index.php\/2024\/10\/16\/bloque-de-integracion-region-litoral-por-chaco-livio-gutierrez-integra-la-mesa-ejecutiva\/","title":{"rendered":"Bloque de integraci\u00f3n &#8220;Regi\u00f3n litoral&#8221; por chaco, Livio Guti\u00e9rrez integra la mesa ejecutiva"},"content":{"rendered":"\n<p><\/p>\n\n\n\n<p>El Secretario de Coordinaci\u00f3n de Gabinete agradeci\u00f3 la confianza puesta por el Gobernador Zdero para conformar esta Mesa donde pudo exponer la necesidad de trabajar en tem\u00e1ticas como la Hidrov\u00eda Paran\u00e1-Paraguay, energ\u00edas renovables, Cajas Previsionales, entre otros y asegur\u00f3 que este bloque permitir\u00e1 \u201cdar potencia a estos planteos\u201d. El pr\u00f3ximo encuentro ser\u00e1 en Corrientes.<\/p>\n\n\n\n<p>En el marco de la firma del Tratado Interprovincial para la conformaci\u00f3n del bloque de integraci\u00f3n \u201cRegi\u00f3n Litoral\u201d, del que acompa\u00f1\u00f3 hoy el gobernador Leandro Zdero y que se realiz\u00f3 en Santa Fe, el secretario de Coordinaci\u00f3n de Gabinete, Livio Guti\u00e9rrez, fue designado para formar parte de la Mesa Ejecutiva de este bloque. \u201cEs un hecho hist\u00f3rico formar parte de esta Mesa, un desaf\u00edo muy importante y por eso, agradezco al gobernador por su confianza\u201d, expres\u00f3.<\/p>\n\n\n\n<p>Guti\u00e9rrez celebr\u00f3 que su participaci\u00f3n en esta mesa permita exponer problem\u00e1ticas y temas comunes en el margen de la conformaci\u00f3n del bloque \u201cRegi\u00f3n Litoral\u201d, donde se explayaron sobre temas como la Hidrov\u00eda Paran\u00e1-Paraguay, la importancia de trabajar en energ\u00edas renovables, la situaci\u00f3n de las Cajas Previsionales, entre otros.<br>\u201cLa constituci\u00f3n de la \u2018Regi\u00f3n Litoral\u2019 nos va a dar potencia en los planteos, desde la discusi\u00f3n necesaria respecto al uso de la Hidrov\u00eda y la importancia de las provincias como parte integrante de sus organismos y tambi\u00e9n, participar de las normas regulatorias y administrativas\u201d, detall\u00f3 Guti\u00e9rrez.<\/p>\n\n\n\n<p>Tambi\u00e9n, se refiri\u00f3 a la cuesti\u00f3n de \u201ccrecer en materia de energ\u00edas renovables, ya que somos la regi\u00f3n con menos desarrollo en esa materia\u201d, dijo y en esta l\u00ednea, puntualiz\u00f3 en la necesidad de confeccionar un plan de contingencia para la temporada de verano, \u201cya que va a aumentar el consumo con nuestros usuarios que son electrodependientes\u201d, puntualiz\u00f3.<br>Por \u00faltimo, Guti\u00e9rrez se remarc\u00f3 que a la necesidad de trabajar en la cuesti\u00f3n de la deuda de Naci\u00f3n con las Cajas Previsionales as\u00ed como en temas relacionados a la pesca, el turismo y los recursos naturales y adelant\u00f3 que la pr\u00f3xima reuni\u00f3n ser\u00e1 en Corrientes.<\/p>\n","protected":false},"excerpt":{"rendered":"<p>El Secretario de Coordinaci\u00f3n de Gabinete agradeci\u00f3 la confianza puesta por el Gobernador Zdero para conformar esta Mesa donde pudo exponer la necesidad de trabajar en tem\u00e1ticas como la Hidrov\u00eda Paran\u00e1-Paraguay, energ\u00edas renovables, Cajas Previsionales, entre otros y asegur\u00f3 que este bloque permitir\u00e1 \u201cdar potencia a estos planteos\u201d. El pr\u00f3ximo encuentro ser\u00e1 en Corrientes. En [&hellip;]<\/p>\n","protected":false},"author":2,"featured_media":2457,"comment_status":"open","ping_status":"open","sticky":false,"template":"","format":"standard","meta":{"footnotes":""},"categories":[28,26],"tags":[],"class_list":{"0":"post-2456","1":"post","2":"type-post","3":"status-publish","4":"format-standard","5":"has-post-thumbnail","7":"category-locales","8":"category-nacionales"},"aioseo_notices":[],"_links":{"self":[{"href":"https:\/\/lalupa24.com.ar\/index.php\/wp-json\/wp\/v2\/posts\/2456","targetHints":{"allow":["GET"]}}],"collection":[{"href":"https:\/\/lalupa24.com.ar\/index.php\/wp-json\/wp\/v2\/posts"}],"about":[{"href":"https:\/\/lalupa24.com.ar\/index.php\/wp-json\/wp\/v2\/types\/post"}],"author":[{"embeddable":true,"href":"https:\/\/lalupa24.com.ar\/index.php\/wp-json\/wp\/v2\/users\/2"}],"replies":[{"embeddable":true,"href":"https:\/\/lalupa24.com.ar\/index.php\/wp-json\/wp\/v2\/comments?post=2456"}],"version-history":[{"count":1,"href":"https:\/\/lalupa24.com.ar\/index.php\/wp-json\/wp\/v2\/posts\/2456\/revisions"}],"predecessor-version":[{"id":2458,"href":"https:\/\/lalupa24.com.ar\/index.php\/wp-json\/wp\/v2\/posts\/2456\/revisions\/2458"}],"wp:featuredmedia":[{"embeddable":true,"href":"https:\/\/lalupa24.com.ar\/index.php\/wp-json\/wp\/v2\/media\/2457"}],"wp:attachment":[{"href":"https:\/\/lalupa24.com.ar\/index.php\/wp-json\/wp\/v2\/media?parent=2456"}],"wp:term":[{"taxonomy":"category","embeddable":true,"href":"https:\/\/lalupa24.com.ar\/index.php\/wp-json\/wp\/v2\/categories?post=2456"},{"taxonomy":"post_tag","embeddable":true,"href":"https:\/\/lalupa24.com.ar\/index.php\/wp-json\/wp\/v2\/tags?post=2456"}],"curies":[{"name":"wp","href":"https:\/\/api.w.org\/{rel}","templated":true}]}}