{"id":2482,"date":"2024-10-24T11:14:08","date_gmt":"2024-10-24T14:14:08","guid":{"rendered":"https:\/\/lalupa24.com.ar\/?p=2482"},"modified":"2024-10-24T11:14:10","modified_gmt":"2024-10-24T14:14:10","slug":"frio-encuentro-entre-cristina-y-kicillof-en-un-acto-de-abuelas-de-plaza-de-mayo","status":"publish","type":"post","link":"https:\/\/lalupa24.com.ar\/index.php\/2024\/10\/24\/frio-encuentro-entre-cristina-y-kicillof-en-un-acto-de-abuelas-de-plaza-de-mayo\/","title":{"rendered":"Fr\u00edo encuentro entre Cristina y Kicillof en un acto de Abuelas de Plaza de Mayo"},"content":{"rendered":"\n<p>Estela de Carlotto reuni\u00f3 al gobernador y la ex presidenta en medio de la tensi\u00f3n. No hubo acercamientos.<\/p>\n\n\n\n<p>Axel Kicillof y Cristina Kirchner volvieron a encontrarse este jueves en La Plata luego de varios d\u00edas de tensi\u00f3n extrema en el kirchnerismo. Fue en el marco del aniversario de Abuelas de Plaza de Mayo y a instancias de Estela de Carlotto que insisti\u00f3 para que el gobernador y la ex presidenta estuvieran presentes.<\/p>\n\n\n\n<p>Fue un encuentro por dem\u00e1s fr\u00edo. Los dos se sentaron en la primera fila del Teatro Argentino, uno a cada lado de Carlotto y no conversaron. Ambos buscaban conversar con la titular de Abuelas, pero por separados.<\/p>\n\n\n\n<p>El ingreso de ambos a la sala fue el momento m\u00e1s tenso. \u00abPresidenta, Cristina presidenta\u00bb, cantaban en una de las bandejas. Se entrecruzaban algunos silbidos. Kicillof esper\u00f3 unos segundos a que esos c\u00e1nticos aflojen para saludar a las gradas. All\u00ed tom\u00f3 la posta la gente que respalda al gobernador. \u00abAxel querido, el pueblo est\u00e1 contigo\u00bb, le cantaron.<\/p>\n\n\n\n<p>En el ingreso de la militancia tambi\u00e9n hubo momentos de tensi\u00f3n donde por momentos todo parec\u00eda desbordarse ante la ansiedad por ocupar las gradas.<\/p>\n\n\n\n<p>El acto cont\u00f3 con varios momentos musicales. Para el final Carlotto subi\u00f3 al escenario y evit\u00f3 hacer una referencia directa a la interna. \u00abAunque tengamos diferencias pol\u00edticas, somos argentinos y tener hoy ac\u00e1 el honor de Cristina y el honor del gobernador demuestran que nada est\u00e1 perdido\u00bb, dijo la titular de Abuelas.<\/p>\n\n\n\n<p>Cristina tom\u00f3 el micr\u00f3fono durante la foto del cierre. La ex presidenta cont\u00f3 que el Teatro Argentino le trae recuerdos de N\u00e9stor Kirchner. \u00abEstela tiene raz\u00f3n, a la vida hay que celebrarla con alegr\u00eda y tener memoria\u00bb, dijo.<\/p>\n\n\n\n<p>Luego el micr\u00f3fono lo tom\u00f3 Kicillof que tuvo que esperar a que bajen los c\u00e1nticos de \u00abCristina presidenta\u00bb. El gobernador esquiv\u00f3 un discurso que pueda caer en pol\u00e9micas y record\u00f3 la recuperaci\u00f3n de la Sala Ginastera \u00abde la desidia de la derecha\u00bb, en referencia a la gesti\u00f3n de Mar\u00eda Eugenia Vidal. Luego salud\u00f3 a Carloto: \u00abEstamos festejando el cumplea\u00f1os de Estela. Gracias Estela, memoria, verdad, justicia. Son 30.000\u00bb, cerr\u00f3.<\/p>\n\n\n\n<p>La relaci\u00f3n entre Cristina y Axel est\u00e1 en su momento m\u00e1s caliente tras la negativa del gobernador de respaldar su candidatura para la presidencia del PJ nacional. Fueron d\u00edas donde la tensi\u00f3n fue escalando. Primero a trav\u00e9s de declaraciones de dirigentes muy cercanos a M\u00e1ximo Kirchner pidiendo a Kicillof que se salga a respaldar a Cristina, luego el acto en Berisso por el D\u00eda de la Lealtad, donde el gobernador esquiv\u00f3 ese respaldo y habl\u00f3 de construir el futuro.&nbsp;<\/p>\n\n\n\n<p>Le siguieron las frases de Cristina en la sede de Smata donde lanz\u00f3 duras cr\u00edticas al gobernador. Finalmente, el domingo Kicillof public\u00f3 una carta en donde Kicillof plante\u00f3 que \u00abla l\u00f3gica de sometido o traidor caus\u00f3 malos resultados\u00bb.<\/p>\n","protected":false},"excerpt":{"rendered":"<p>Estela de Carlotto reuni\u00f3 al gobernador y la ex presidenta en medio de la tensi\u00f3n. No hubo acercamientos. Axel Kicillof y Cristina Kirchner volvieron a encontrarse este jueves en La Plata luego de varios d\u00edas de tensi\u00f3n extrema en el kirchnerismo. Fue en el marco del aniversario de Abuelas de Plaza de Mayo y a [&hellip;]<\/p>\n","protected":false},"author":2,"featured_media":2484,"comment_status":"open","ping_status":"open","sticky":false,"template":"","format":"standard","meta":{"footnotes":""},"categories":[27],"tags":[],"class_list":{"0":"post-2482","1":"post","2":"type-post","3":"status-publish","4":"format-standard","5":"has-post-thumbnail","7":"category-interior"},"aioseo_notices":[],"_links":{"self":[{"href":"https:\/\/lalupa24.com.ar\/index.php\/wp-json\/wp\/v2\/posts\/2482","targetHints":{"allow":["GET"]}}],"collection":[{"href":"https:\/\/lalupa24.com.ar\/index.php\/wp-json\/wp\/v2\/posts"}],"about":[{"href":"https:\/\/lalupa24.com.ar\/index.php\/wp-json\/wp\/v2\/types\/post"}],"author":[{"embeddable":true,"href":"https:\/\/lalupa24.com.ar\/index.php\/wp-json\/wp\/v2\/users\/2"}],"replies":[{"embeddable":true,"href":"https:\/\/lalupa24.com.ar\/index.php\/wp-json\/wp\/v2\/comments?post=2482"}],"version-history":[{"count":1,"href":"https:\/\/lalupa24.com.ar\/index.php\/wp-json\/wp\/v2\/posts\/2482\/revisions"}],"predecessor-version":[{"id":2485,"href":"https:\/\/lalupa24.com.ar\/index.php\/wp-json\/wp\/v2\/posts\/2482\/revisions\/2485"}],"wp:featuredmedia":[{"embeddable":true,"href":"https:\/\/lalupa24.com.ar\/index.php\/wp-json\/wp\/v2\/media\/2484"}],"wp:attachment":[{"href":"https:\/\/lalupa24.com.ar\/index.php\/wp-json\/wp\/v2\/media?parent=2482"}],"wp:term":[{"taxonomy":"category","embeddable":true,"href":"https:\/\/lalupa24.com.ar\/index.php\/wp-json\/wp\/v2\/categories?post=2482"},{"taxonomy":"post_tag","embeddable":true,"href":"https:\/\/lalupa24.com.ar\/index.php\/wp-json\/wp\/v2\/tags?post=2482"}],"curies":[{"name":"wp","href":"https:\/\/api.w.org\/{rel}","templated":true}]}}