{"id":2490,"date":"2024-10-24T11:27:28","date_gmt":"2024-10-24T14:27:28","guid":{"rendered":"https:\/\/lalupa24.com.ar\/?p=2490"},"modified":"2024-10-24T11:27:29","modified_gmt":"2024-10-24T14:27:29","slug":"se-rompio-el-bloque-radical-y-nace-una-bancada-opositora-a-milei-que-desafia-a-de-loredo","status":"publish","type":"post","link":"https:\/\/lalupa24.com.ar\/index.php\/2024\/10\/24\/se-rompio-el-bloque-radical-y-nace-una-bancada-opositora-a-milei-que-desafia-a-de-loredo\/","title":{"rendered":"Se rompi\u00f3 el bloque radical y nace una bancada opositora a Milei que desaf\u00eda a De Loredo"},"content":{"rendered":"\n<p>Tendr\u00e1 12 integrantes y dejar\u00e1 a la UCR con 21. Con perfil opositor al presidente, el espacio est\u00e1 referenciado en Lousteau y Manes. Qui\u00e9nes lo integran.<\/p>\n\n\n\n<p>La<strong>&nbsp;tregua<\/strong>&nbsp;que hab\u00eda logrado el bloque de diputados radicales&nbsp;<strong>apenas dur\u00f3 24 horas<\/strong>.&nbsp;Tras una reuni\u00f3n infructuosa de la \u201cmesa de di\u00e1logo\u201d que hab\u00edan creado como \u00faltima esperanza de unidad,<strong>&nbsp;12 legisladores abandonaron finalmente la bancada de la UCR<\/strong>&nbsp;y desaf\u00edan al cordob\u00e9s Rodrigo De Loredo, cuyo espacio se redujo de&nbsp;<strong>33 a 21 miembros.<\/strong><\/p>\n\n\n\n<p>La<strong>&nbsp;tregua<\/strong>&nbsp;que hab\u00eda logrado el bloque de diputados radicales&nbsp;<strong>apenas dur\u00f3 24 horas<\/strong>.&nbsp;Tras una reuni\u00f3n infructuosa de la \u201cmesa de di\u00e1logo\u201d que hab\u00edan creado como \u00faltima esperanza de unidad,<strong>&nbsp;12 legisladores abandonaron finalmente la bancada de la UCR<\/strong>&nbsp;y desaf\u00edan al cordob\u00e9s Rodrigo De Loredo, cuyo espacio se redujo de&nbsp;<strong>33 a 21 miembros.<\/strong><\/p>\n\n\n\n<p><a href=\"https:\/\/viapais.com.ar\/politica\/diputados-de-loredo-enfrenta-la-ruptura-del-bloque-por-la-negativa-a-expulsar-a-los-radicales-mileistas\/\"><\/a><\/p>\n\n\n\n<h2 class=\"wp-block-heading\"><\/h2>\n\n\n\n<p>El&nbsp;<strong>nuevo bloque&nbsp;<\/strong>tiene como referentes pol\u00edticos al presidente del partido centenario,&nbsp;<strong>Mart\u00edn Lousteau<\/strong>, y el neurocient\u00edfico<strong>&nbsp;Facundo Manes<\/strong>. Todav\u00eda no tiene nombre ni autoridades, pero s\u00ed tiene definido un perfil opositor al gobierno de Javier Milei.<\/p>\n\n\n\n<h2 class=\"wp-block-heading\">Qui\u00e9nes lo integrar\u00e1n<\/h2>\n\n\n\n<p>Adem\u00e1s de Manes, estar\u00e1n por ese sector el bonaerense Pablo Juliano, el formose\u00f1o Fernando Carbajal, la entrerriana Marcela Antola, el correntino Manuel Aguirre, la pampeana Marcela Coli, el chaque\u00f1o Juan Carlos Polini y el juje\u00f1o Jorge Rizzotti.<\/p>\n\n\n\n<p>Se suman por Evoluci\u00f3n las porte\u00f1as Carla Carrizo y Marcela Coletta, la bonaerense Danya Tavela y la santafesina Melina Giorgi, que reporta al gobernador Maximiliano Pullaro.<\/p>\n\n\n\n<p>La<strong>&nbsp;tregua<\/strong>&nbsp;que hab\u00eda logrado el bloque de diputados radicales<a href=\"https:\/\/viapais.com.ar\/politica\/de-loredo-logro-una-tregua-en-el-bloque-radical-y-abre-el-juego-para-evitar-la-ruptura\/\" target=\"_blank\" rel=\"noreferrer noopener\">&nbsp;<strong>apenas dur\u00f3 24 horas<\/strong>.<\/a>&nbsp;Tras una reuni\u00f3n infructuosa de la \u201cmesa de di\u00e1logo\u201d que hab\u00edan creado como \u00faltima esperanza de unidad,<strong>&nbsp;12 legisladores abandonaron finalmente la bancada de la UCR<\/strong>&nbsp;y desaf\u00edan al cordob\u00e9s Rodrigo De Loredo, cuyo espacio se redujo de&nbsp;<strong>33 a 21 miembros.<\/strong><\/p>\n\n\n\n<p><a href=\"https:\/\/viapais.com.ar\/politica\/diputados-de-loredo-enfrenta-la-ruptura-del-bloque-por-la-negativa-a-expulsar-a-los-radicales-mileistas\/\"><\/a><\/p>\n\n\n\n<h2 class=\"wp-block-heading\"><\/h2>\n\n\n\n<p>El&nbsp;<strong>nuevo bloque&nbsp;<\/strong>tiene como referentes pol\u00edticos al presidente del partido centenario,&nbsp;<strong>Mart\u00edn Lousteau<\/strong>, y el neurocient\u00edfico<strong>&nbsp;Facundo Manes<\/strong>. Todav\u00eda no tiene nombre ni autoridades, pero s\u00ed tiene definido un perfil opositor al gobierno de Javier Milei.<\/p>\n\n\n\n<h2 class=\"wp-block-heading\">Qui\u00e9nes lo integrar\u00e1n<\/h2>\n\n\n\n<p>Adem\u00e1s de Manes, estar\u00e1n por ese sector el bonaerense Pablo Juliano, el formose\u00f1o Fernando Carbajal, la entrerriana Marcela Antola, el correntino Manuel Aguirre, la pampeana Marcela Coli, el chaque\u00f1o Juan Carlos Polini y el juje\u00f1o Jorge Rizzotti.<\/p>\n\n\n\n<p>Se suman por Evoluci\u00f3n las porte\u00f1as Carla Carrizo y Marcela Coletta, la bonaerense Danya Tavela y la santafesina Melina Giorgi, que reporta al gobernador Maximiliano Pullaro.<\/p>\n\n\n\n<h2 class=\"wp-block-heading\">Por qu\u00e9 se rompi\u00f3 el bloque<\/h2>\n\n\n\n<p>El bloque se parti\u00f3 luego de que De Loredo y una comitiva de radicales se sumara este mi\u00e9rcoles a la \u201cmesa pol\u00edtica\u201d que el Gobierno comparte con sus aliados del PRO y el MID.<\/p>\n\n\n\n<p>De Loredo encabez\u00f3 una delegaci\u00f3n de diputados que&nbsp;<strong>asisti\u00f3 a Casa Rosada&nbsp;<\/strong>para reunirse con el asesor presidencial Santiago Caputo; el ministro de Desregulaci\u00f3n y Transformaci\u00f3n del Estado, Federico Stuzenegger; el vicejefe de Gabinete del Interior, Lisandro Catal\u00e1n; y el titular de la C\u00e1mara baja, Mart\u00edn Menem.<\/p>\n\n\n\n<p>En la reuni\u00f3n, acompa\u00f1aron a De Loredo la secretaria parlamentaria del bloque, Soledad Carrizo; Luis Picat, uno de los integrantes del grupo \u201cmile\u00edsta\u201d; el mendocino Lisandro Nieri, quien reporta al gobernador Alfredo Cornejo; la santacruce\u00f1a Roxana Reyes; y el tucumano Roberto S\u00e1nchez.<\/p>\n\n\n\n<p>La&nbsp;<strong>presencia de radicales en la Rosada no cay\u00f3 bien<\/strong>&nbsp;en los sectores de Lousteau y Manes. \u201cHoy se sum\u00f3 este hecho bastante triste de la presencia del presidente del bloque en la Casa Rosada, casi remedando la foto que en su momento se sac\u00f3 con el resto de los diputados libertarios, sobreactuando un oficialismo que la verdad que no se comprende\u201d, lament\u00f3 Carbajal.<\/p>\n\n\n\n<p>De todos modos, la relaci\u00f3n ya estaba quebrada. De hecho, en la primera reuni\u00f3n de la \u201cmesa de di\u00e1logo\u201d que se hab\u00eda conformado para limar asperezas, hubo gritos e insultos.<\/p>\n\n\n\n<p>All\u00ed, los radicales disidentes no lograron convencer a sus pares de no asistir a la convocatoria en Casa Rosada, y tampoco consiguieron rediscutir cargos en el bloque. El lugar codiciado por los rupturistas era el de la cordobesa Soledad Carrizo, secretaria parlamentaria del bloque y alineada a De Loredo.<\/p>\n\n\n\n<p>La gota que rebals\u00f3 el vaso en el bloque radical, que mantuvo diferencias internas desde que asumi\u00f3 Milei, fue el&nbsp;<strong>nacimiento de un grupo de cinco \u201cmile\u00edstas\u201d&nbsp;<\/strong>(en el que se encuentra el cordob\u00e9s Picat) que ayudaron a&nbsp;<strong>blindar el veto<\/strong>&nbsp;a las leyes de movilidad jubilatoria y de financiamiento universitario.<\/p>\n\n\n\n<p>De Loredo nunca estuvo dispuesto a expulsar a esos legisladores, que tampoco se fueron por sus propios medios. Ante la imposibilidad de reunir la mayor\u00eda para imponer su posici\u00f3n, los radicales de&nbsp;<strong>Manes y Lousteau finalmente pegaron el portazo.<\/strong><\/p>\n","protected":false},"excerpt":{"rendered":"<p>Tendr\u00e1 12 integrantes y dejar\u00e1 a la UCR con 21. Con perfil opositor al presidente, el espacio est\u00e1 referenciado en Lousteau y Manes. Qui\u00e9nes lo integran. La&nbsp;tregua&nbsp;que hab\u00eda logrado el bloque de diputados radicales&nbsp;apenas dur\u00f3 24 horas.&nbsp;Tras una reuni\u00f3n infructuosa de la \u201cmesa de di\u00e1logo\u201d que hab\u00edan creado como \u00faltima esperanza de unidad,&nbsp;12 legisladores abandonaron [&hellip;]<\/p>\n","protected":false},"author":2,"featured_media":2491,"comment_status":"open","ping_status":"open","sticky":false,"template":"","format":"standard","meta":{"footnotes":""},"categories":[1],"tags":[],"class_list":{"0":"post-2490","1":"post","2":"type-post","3":"status-publish","4":"format-standard","5":"has-post-thumbnail","7":"category-blog"},"aioseo_notices":[],"_links":{"self":[{"href":"https:\/\/lalupa24.com.ar\/index.php\/wp-json\/wp\/v2\/posts\/2490","targetHints":{"allow":["GET"]}}],"collection":[{"href":"https:\/\/lalupa24.com.ar\/index.php\/wp-json\/wp\/v2\/posts"}],"about":[{"href":"https:\/\/lalupa24.com.ar\/index.php\/wp-json\/wp\/v2\/types\/post"}],"author":[{"embeddable":true,"href":"https:\/\/lalupa24.com.ar\/index.php\/wp-json\/wp\/v2\/users\/2"}],"replies":[{"embeddable":true,"href":"https:\/\/lalupa24.com.ar\/index.php\/wp-json\/wp\/v2\/comments?post=2490"}],"version-history":[{"count":1,"href":"https:\/\/lalupa24.com.ar\/index.php\/wp-json\/wp\/v2\/posts\/2490\/revisions"}],"predecessor-version":[{"id":2492,"href":"https:\/\/lalupa24.com.ar\/index.php\/wp-json\/wp\/v2\/posts\/2490\/revisions\/2492"}],"wp:featuredmedia":[{"embeddable":true,"href":"https:\/\/lalupa24.com.ar\/index.php\/wp-json\/wp\/v2\/media\/2491"}],"wp:attachment":[{"href":"https:\/\/lalupa24.com.ar\/index.php\/wp-json\/wp\/v2\/media?parent=2490"}],"wp:term":[{"taxonomy":"category","embeddable":true,"href":"https:\/\/lalupa24.com.ar\/index.php\/wp-json\/wp\/v2\/categories?post=2490"},{"taxonomy":"post_tag","embeddable":true,"href":"https:\/\/lalupa24.com.ar\/index.php\/wp-json\/wp\/v2\/tags?post=2490"}],"curies":[{"name":"wp","href":"https:\/\/api.w.org\/{rel}","templated":true}]}}