{"id":2503,"date":"2024-10-25T10:53:15","date_gmt":"2024-10-25T13:53:15","guid":{"rendered":"https:\/\/lalupa24.com.ar\/?p=2503"},"modified":"2024-10-25T10:53:16","modified_gmt":"2024-10-25T13:53:16","slug":"es-oficial-la-disolucion-de-la-afip-y-la-creacion-de-la-nueva-agencia-arca","status":"publish","type":"post","link":"https:\/\/lalupa24.com.ar\/index.php\/2024\/10\/25\/es-oficial-la-disolucion-de-la-afip-y-la-creacion-de-la-nueva-agencia-arca\/","title":{"rendered":"Es oficial la disoluci\u00f3n de la AFIP y la creaci\u00f3n de la nueva agencia ARCA"},"content":{"rendered":"\n<h2 class=\"wp-block-heading\">El Gobierno anticip\u00f3 que habr\u00e1 una reducci\u00f3n de al menos 3.000 empleados en distintos sectores. Los gremios profundizan las medidas de fuerza.<\/h2>\n\n\n\n<p>El Gobierno nacional formaliz\u00f3 este viernes la disoluci\u00f3n de la<strong>&nbsp;Administraci\u00f3n Federal de Ingresos P\u00fablica (AFIP)<\/strong>&nbsp;y su reemplazo, la la&nbsp;<strong>Agencia de Recaudaci\u00f3n y Control Aduanero (Arca),<\/strong>&nbsp;un organismo con una \u201cestructura m\u00e1s simple, m\u00e1s eficiente, menos costosa y menos burocr\u00e1tica\u201d.<\/p>\n\n\n\n<p><a href=\"https:\/\/viapais.com.ar\/informacion-general\/cierre-de-afip-que-pasara-con-los-tramites-pendientes\/\"><\/a><\/p>\n\n\n\n<h2 class=\"wp-block-heading\"><\/h2>\n\n\n\n<p>Lo hizo a trav\u00e9s del decreto 953\/2024 publicado en el<strong>&nbsp;Bolet\u00edn Oficial<\/strong>, con las firmas del presidente, Javier Milei, del jefe de Gabinete, Guillermo Francos, y de la ministra de Seguridad, Patricia Bullrich.<\/p>\n\n\n\n<p>El art\u00edculo 3\u00b0 de esa normativa estableci\u00f3 que Arca estar\u00e1 a cargo de un director ejecutivo que ser\u00e1 designado por el Ejecutivo nacional y tendr\u00e1 un mandato de cuatro a\u00f1os, \u201cpudiendo ser designado por sucesivos per\u00edodos, siendo requisito ineludible el previo cumplimiento del Plan de Gesti\u00f3n del mandato anterior\u201d.<\/p>\n\n\n\n<p>El siguiente punto, en tanto, indica que debajo de ese funcionario habr\u00e1 un director general a cargo de la Direcci\u00f3n General Impositiva y otro al frente de la Direcci\u00f3n General de Aduanas. Luego, existir\u00e1n \u201csubdirectores generales cuyo n\u00famero y competencia ser\u00e1n determinados por el Poder Ejecutivo\u201d.<\/p>\n\n\n\n<p>Los directores generales podr\u00e1n ser designados y removidos por el Poder Ejecutivo, mientras que id\u00e9ntica tarea podr\u00e1 asumir el m\u00e1ximo responsable de la Arca en relaci\u00f3n con los subdirectores generales y los titulares de las unidades de estructuras organizativas.<\/p>\n\n\n\n<p>La direcci\u00f3n de Arca estar\u00e1 a cargo de Florencia Misrahi, quien liderar\u00e1 este proceso junto a Andr\u00e9s Gerardo V\u00e1zquez y Jos\u00e9 Andr\u00e9s Velis. Ambos ser\u00e1n titulares de las actuales Direcci\u00f3n General de Impuestos (DGI) y Direcci\u00f3n General de Aduanas (DGA) respectivamente. Sus designaciones fueron confirmadas por intermedio del decreto 954\/2024 en el&nbsp;<strong>Bolet\u00edn Oficial.<\/strong><\/p>\n\n\n\n<p>Arca, se\u00f1ala el documento difundido por&nbsp;<strong>Clar\u00edn<\/strong>, \u201ces la continuadora jur\u00eddica y mantendr\u00e1 las responsabilidades, competencias y funciones asignadas por el marco legal vigente a la Administraci\u00f3n Federal de Ingresos P\u00fablicos (Afip) hasta la fecha de publicaci\u00f3n de las normas y la Estructura Org\u00e1nica y Funcional mencionados en el art\u00edculo 9\u00b0 del presente decreto\u201d.<\/p>\n\n\n\n<p>Ese apartado fija que el titular del nuevo ente aut\u00e1rquico \u201cdeber\u00e1 elevar al Poder Ejecutivo nacional, dentro del plazo de sesenta d\u00edas h\u00e1biles administrativos siguientes a la fecha de entrada en vigencia del presente, la propuesta de las normas referentes a las competencias, facultades, derechos y obligaciones y de la Estructura Org\u00e1nica y Funcional\u201d de Arca.<\/p>\n\n\n\n<h2 class=\"wp-block-heading\">Qu\u00e9 implica el cierre de la Afip<\/h2>\n\n\n\n<p>La comunicaci\u00f3n oficial precis\u00f3 que el cierre de Afip \u201creducir\u00e1 en un 45% las autoridades superiores y en un 31% los niveles inferiores, lo que representa una eliminaci\u00f3n del 34% de la estructura actual, generando un ahorro anual de $ 6.400 millones\u201c.<\/p>\n\n\n\n<p>Al mismo tiempo, el Gobierno adelant\u00f3 que se desvincular\u00e1n \u201c3.155 agentes que ingresaron de manera irregular a la Afip durante al ultimo gobierno kirchnerista\u201c.<\/p>\n\n\n\n<p>Esto equivale al 15% de la dotaci\u00f3n actual del organismo. \u201cEste paso es imprescindible para desmantelar burocracia innecesaria que ha obstaculizado la libertad econ\u00f3mica y comercial de los argentinos\u201d, asegur\u00f3 el Gobierno.<\/p>\n\n\n\n<h2 class=\"wp-block-heading\">Resistencia gremial<\/h2>\n\n\n\n<p>A pesar de que ya se ven\u00edan dando medidas de fuerza por parte de los dos gremios que representan a los trabajadores de la Afip, con el conocimiento ya de la resoluci\u00f3n en el Bolet\u00edn Oficial, las primeras reacciones sindicales marcan que se profundizar\u00e1 el plan de lucha.<\/p>\n\n\n\n<p>Este viernes, en C\u00f3rdoba habr\u00e1 una asamblea a partir de las 10, en la sede central de Afip<\/p>\n","protected":false},"excerpt":{"rendered":"<p>El Gobierno anticip\u00f3 que habr\u00e1 una reducci\u00f3n de al menos 3.000 empleados en distintos sectores. Los gremios profundizan las medidas de fuerza. El Gobierno nacional formaliz\u00f3 este viernes la disoluci\u00f3n de la&nbsp;Administraci\u00f3n Federal de Ingresos P\u00fablica (AFIP)&nbsp;y su reemplazo, la la&nbsp;Agencia de Recaudaci\u00f3n y Control Aduanero (Arca),&nbsp;un organismo con una \u201cestructura m\u00e1s simple, m\u00e1s eficiente, [&hellip;]<\/p>\n","protected":false},"author":2,"featured_media":2505,"comment_status":"open","ping_status":"open","sticky":false,"template":"","format":"standard","meta":{"footnotes":""},"categories":[27],"tags":[],"class_list":{"0":"post-2503","1":"post","2":"type-post","3":"status-publish","4":"format-standard","5":"has-post-thumbnail","7":"category-interior"},"aioseo_notices":[],"_links":{"self":[{"href":"https:\/\/lalupa24.com.ar\/index.php\/wp-json\/wp\/v2\/posts\/2503","targetHints":{"allow":["GET"]}}],"collection":[{"href":"https:\/\/lalupa24.com.ar\/index.php\/wp-json\/wp\/v2\/posts"}],"about":[{"href":"https:\/\/lalupa24.com.ar\/index.php\/wp-json\/wp\/v2\/types\/post"}],"author":[{"embeddable":true,"href":"https:\/\/lalupa24.com.ar\/index.php\/wp-json\/wp\/v2\/users\/2"}],"replies":[{"embeddable":true,"href":"https:\/\/lalupa24.com.ar\/index.php\/wp-json\/wp\/v2\/comments?post=2503"}],"version-history":[{"count":1,"href":"https:\/\/lalupa24.com.ar\/index.php\/wp-json\/wp\/v2\/posts\/2503\/revisions"}],"predecessor-version":[{"id":2506,"href":"https:\/\/lalupa24.com.ar\/index.php\/wp-json\/wp\/v2\/posts\/2503\/revisions\/2506"}],"wp:featuredmedia":[{"embeddable":true,"href":"https:\/\/lalupa24.com.ar\/index.php\/wp-json\/wp\/v2\/media\/2505"}],"wp:attachment":[{"href":"https:\/\/lalupa24.com.ar\/index.php\/wp-json\/wp\/v2\/media?parent=2503"}],"wp:term":[{"taxonomy":"category","embeddable":true,"href":"https:\/\/lalupa24.com.ar\/index.php\/wp-json\/wp\/v2\/categories?post=2503"},{"taxonomy":"post_tag","embeddable":true,"href":"https:\/\/lalupa24.com.ar\/index.php\/wp-json\/wp\/v2\/tags?post=2503"}],"curies":[{"name":"wp","href":"https:\/\/api.w.org\/{rel}","templated":true}]}}