{"id":2522,"date":"2024-10-28T11:50:05","date_gmt":"2024-10-28T14:50:05","guid":{"rendered":"https:\/\/lalupa24.com.ar\/?p=2522"},"modified":"2024-10-28T11:50:06","modified_gmt":"2024-10-28T14:50:06","slug":"caputo-cierra-una-sucursal-del-banco-nacion-en-la-matanza-tras-el-cruce-de-espinoza-con-galperin","status":"publish","type":"post","link":"https:\/\/lalupa24.com.ar\/index.php\/2024\/10\/28\/caputo-cierra-una-sucursal-del-banco-nacion-en-la-matanza-tras-el-cruce-de-espinoza-con-galperin\/","title":{"rendered":"Caputo cierra una sucursal del Banco Naci\u00f3n en La Matanza tras el cruce de Espinoza con Galper\u00edn"},"content":{"rendered":"\n<p>La excusa es una \u00abelevada incidencia de la tasa municipal\u00bb. En La Bancaria hablan de \u00abrepresalia\u00bb por la clausura de la obra \u00abdel empresario fetiche del Gobierno\u00bb.<\/p>\n\n\n\n<p>Este viernes, el Banco Naci\u00f3n anunci\u00f3 el cierre de la sucursal de Ramos Mej\u00eda, en La Matanza, con el argumento que Luis Caputo lanz\u00f3 semanas atr\u00e1s, cuando adelant\u00f3 que se cerrar\u00edan sedes en los municipios donde haya subas \u00abinjustificadas\u00bb de tasas municipales.<\/p>\n\n\n\n<p>Sin embargo, en La Bancaria denuncian que la medida tiene relaci\u00f3n directa con el conflicto que se gener\u00f3&nbsp;entre Marcos Galper\u00edn y Fernando Espinoza&nbsp;tras la clausura por parte del municipio matancero de la obra del Centro de Almacenamiento de Mercado Libre.<\/p>\n\n\n\n<p>\u00abEl municipio de La Matanza somete al Banco Naci\u00f3n a una alt\u00edsima presi\u00f3n tributaria, dado que es la jurisdicci\u00f3n del pa\u00eds donde las tasas municipales tienen mayor impacto sobre el margen financiero de la entidad\u00bb, se\u00f1alaron en la entidad bancaria.<\/p>\n\n\n\n<p>Al respecto, agregaron que en los primeros ocho meses de 2024 acumularon \u00abpagos por $ 3.500 millones en concepto de tasas municipales, suma que equivale a la n\u00f3mina salarial de los 150 colaboradores que revistan en sus sedes del distrito\u00bb.<\/p>\n\n\n\n<p>A la vez, se\u00f1alaron que los clientes y las operaciones que tiene el Banco Naci\u00f3n en esa sede ser\u00e1n reubicados en sucursales fuera de La Matanza. \u00abLa migraci\u00f3n la cartera de Ramos Mej\u00eda se producir\u00e1 antes del 31 de diciembre\u00bb, informaron.<\/p>\n\n\n\n<p>Pero en el gremio La Bancaria se encendieron alarmas por esta medida y advierten que, como sucedi\u00f3 d\u00edas atr\u00e1s en La Pampa, son \u00abmovidas de disciplinamiento\u00bb para gobernantes opositores al Gobierno.<\/p>\n\n\n\n<p>Por esta medida, en el gremio que conduce Sergio Palazzo solicitaron una reuni\u00f3n al presidente del Banco Naci\u00f3n, Daniel Tillard, que se realizar\u00e1 el pr\u00f3ximo martes.<\/p>\n\n\n\n<p>\u00abEstas actitudes tienen un trasfondo pol\u00edtico\u00bb, consideran en La Bancaria donde recordaron que el Gobierno tom\u00f3 \u00abvenganza\u00bb anunciando cierres de sucursales en La Pampa, donde el Ejecutivo provincial se posiciona en clara oposici\u00f3n a Milei.<\/p>\n","protected":false},"excerpt":{"rendered":"<p>La excusa es una \u00abelevada incidencia de la tasa municipal\u00bb. En La Bancaria hablan de \u00abrepresalia\u00bb por la clausura de la obra \u00abdel empresario fetiche del Gobierno\u00bb. Este viernes, el Banco Naci\u00f3n anunci\u00f3 el cierre de la sucursal de Ramos Mej\u00eda, en La Matanza, con el argumento que Luis Caputo lanz\u00f3 semanas atr\u00e1s, cuando adelant\u00f3 [&hellip;]<\/p>\n","protected":false},"author":2,"featured_media":2516,"comment_status":"open","ping_status":"open","sticky":false,"template":"","format":"standard","meta":{"footnotes":""},"categories":[27],"tags":[],"class_list":{"0":"post-2522","1":"post","2":"type-post","3":"status-publish","4":"format-standard","5":"has-post-thumbnail","7":"category-interior"},"aioseo_notices":[],"_links":{"self":[{"href":"https:\/\/lalupa24.com.ar\/index.php\/wp-json\/wp\/v2\/posts\/2522","targetHints":{"allow":["GET"]}}],"collection":[{"href":"https:\/\/lalupa24.com.ar\/index.php\/wp-json\/wp\/v2\/posts"}],"about":[{"href":"https:\/\/lalupa24.com.ar\/index.php\/wp-json\/wp\/v2\/types\/post"}],"author":[{"embeddable":true,"href":"https:\/\/lalupa24.com.ar\/index.php\/wp-json\/wp\/v2\/users\/2"}],"replies":[{"embeddable":true,"href":"https:\/\/lalupa24.com.ar\/index.php\/wp-json\/wp\/v2\/comments?post=2522"}],"version-history":[{"count":1,"href":"https:\/\/lalupa24.com.ar\/index.php\/wp-json\/wp\/v2\/posts\/2522\/revisions"}],"predecessor-version":[{"id":2523,"href":"https:\/\/lalupa24.com.ar\/index.php\/wp-json\/wp\/v2\/posts\/2522\/revisions\/2523"}],"wp:featuredmedia":[{"embeddable":true,"href":"https:\/\/lalupa24.com.ar\/index.php\/wp-json\/wp\/v2\/media\/2516"}],"wp:attachment":[{"href":"https:\/\/lalupa24.com.ar\/index.php\/wp-json\/wp\/v2\/media?parent=2522"}],"wp:term":[{"taxonomy":"category","embeddable":true,"href":"https:\/\/lalupa24.com.ar\/index.php\/wp-json\/wp\/v2\/categories?post=2522"},{"taxonomy":"post_tag","embeddable":true,"href":"https:\/\/lalupa24.com.ar\/index.php\/wp-json\/wp\/v2\/tags?post=2522"}],"curies":[{"name":"wp","href":"https:\/\/api.w.org\/{rel}","templated":true}]}}