{"id":2534,"date":"2024-10-19T09:38:42","date_gmt":"2024-10-19T12:38:42","guid":{"rendered":"https:\/\/lalupa24.com.ar\/?p=2534"},"modified":"2024-10-29T09:41:11","modified_gmt":"2024-10-29T12:41:11","slug":"red-aprende","status":"publish","type":"post","link":"https:\/\/lalupa24.com.ar\/index.php\/2024\/10\/19\/red-aprende\/","title":{"rendered":"Red aprende"},"content":{"rendered":"\n<p>Se desarroll\u00f3 la capacitaci\u00f3n docente continua Alfabetizaci\u00f3n Avanzada y Acad\u00e9mica, una de las propuestas del Gobierno de la Provincia, a trav\u00e9s del Ministerio de Educaci\u00f3n. La misma est\u00e1 llegando al tramo final, con lo cual los docentes del segundo y tercer ciclo de nivel Primario y del ciclo b\u00e1sico del nivel Secundario reciben herramientas pedag\u00f3gicas para elaborar los proyectos institucionales de alfabetizaci\u00f3n en el aula.<strong><br><\/strong><br>Continu\u00f3 este viernes el trayecto de formaci\u00f3n continua de Red Aprende sobre Alfabetizaci\u00f3n Avanzada y Acad\u00e9mica, que cursan m\u00e1s de 19.000 docentes del segundo y tercer ciclo de nivel Primario y del ciclo b\u00e1sico de nivel Secundario de toda la provincia. Esta vez el encuentro tambi\u00e9n fue presencial en el Domo del Centenario de Resistencia, y cont\u00f3 con la asistencia de alrededor de 900 trabajadores de la educaci\u00f3n, y sincr\u00f3nico a trav\u00e9s de la transmisi\u00f3n por streaming por YouTube de Somos Futuro.\u00a0 \u00a0<br>En la oportunidad las responsables de esta capacitaci\u00f3n las profesoras en Letras (de la Universidad Nacional del Nordeste) Mar\u00eda Julia Simoni y Mabel Lobo, intercambiaron conceptos con los docentes, brindando herramientas pedag\u00f3gicas para el fortalecimiento de la lectura en el aula en el marco del Plan Nacional de Alfabetizaci\u00f3n y del Plan Somos Alfabetizaci\u00f3n Chaco.<br>Al respecto, la capacitadora Mar\u00eda Julia Simoni, dijo que ya est\u00e1 llegando al \u00faltimo tramo esta propuesta de capacitaci\u00f3n, comentando que en esta jornada se llev\u00f3 a la pr\u00e1ctica todo lo desarrollado en los tramos 1 y 2. \u201cHoy desarrollamos el paso a paso para llevar adelante el proyecto institucional de alfabetizaci\u00f3n\u201d, detall\u00f3.<br>Asimismo, Simoni adelant\u00f3 que: \u201cen la pr\u00f3xima clase vamos a desarrollar una propuesta de c\u00f3mo la Inteligencia Artificial (IA) y las TIC (Tecnolog\u00eda de la Informaci\u00f3n y la Comunicaci\u00f3n) pueden asistirnos en la alfabetizaci\u00f3n avanzada y acad\u00e9mica de los estudiantes en el segundo ciclo y el tercer ciclo de la escuela primaria y en el primer ciclo de la escuela secundaria\u201d.<br>Por \u00faltimo, la disertante destac\u00f3: \u201cTenemos una muy buena respuesta de los docentes que han ingresado en el aula. La mayor\u00eda permanece haciendo las actividades, responden a las evaluaciones, hacen consultas y est\u00e1n activos en el aula\u201d.<br>El Programa de Formaci\u00f3n Docente Continua Red Aprende se inici\u00f3 hace tres meses y ya alcanza a m\u00e1s de 65 mil docentes de todos los niveles y modalidades, con y sin cargo, de toda la provincia, con encuentros sincr\u00f3nicos y presenciales. El mismo consta de cuatro trayectos formativos, cuyo eje central es la alfabetizaci\u00f3n integral y el fortalecimiento de la ense\u00f1anza de la lectura comprensiva en las aulas.<\/p>\n\n\n\n<p><strong>M\u00e1s capacitaciones<\/strong><br>La agenda de Red Aprende contin\u00faa el lunes 21 de octubre, a las 9, con el trayecto de formaci\u00f3n Inteligencia Artificial y la Neuro- Tecno- Pedagog\u00eda: Las llaves de la innovaci\u00f3n en la educaci\u00f3n del futuro, que se desarrollar\u00e1 de manera presencial y virtual, a cargo del doctor Gustavo de Elorza Feldborg. El mismo est\u00e1 destinado a docentes con y sin cargo de Educaci\u00f3n Superior y del Ciclo Orientado del nivel Secundario.<br>En tanto que el martes 22, a las 9, se realizar\u00e1 el segundo encuentro presencial y sincr\u00f3nico para alrededor de 2500 docentes bibliotecarios de la provincia denominado ALFIN desde las Bibliotecas, propuesta que fue dise\u00f1ada por la Direcci\u00f3n del Servicio Bibliotecario Provincial junto a los especialistas de la Biblioteca Nacional de Maestro.<br>Todos los trayectos de Red Aprende son gratuitos y se concretan a trav\u00e9s de aulas de la plataforma `ELE`, lo que permite que cada docente pueda administrar sus tiempos, garantizando el recorrido de manera sincr\u00f3nica y asincr\u00f3nica. Los mismos tienen propuestas con trabajos en aulas virtuales, que son acompa\u00f1ados de tres encuentros presenciales de 3 horas, con todos los docentes. Adem\u00e1s, participan de tres encuentros online, de 2 horas cada uno, y dos encuentros presenciales de 2 horas luego de los encuentros con los docentes. Cada aula tiene su estructura y albergan comisiones de cursantes con un m\u00e1ximo de 50 participantes, con la figura de un tutor responsable del seguimiento, orientaci\u00f3n, dinamizaci\u00f3n y acompa\u00f1amiento de los capacitados. Este innovador programa de capacitaci\u00f3n, que garantiza los tres puntos establecidos en el Estatuto del Docente, fue aprobado por la C\u00e1mara de Diputados del Chaco mediante Ley 1265\/24.<\/p>\n","protected":false},"excerpt":{"rendered":"<p>Se desarroll\u00f3 la capacitaci\u00f3n docente continua Alfabetizaci\u00f3n Avanzada y Acad\u00e9mica, una de las propuestas del Gobierno de la Provincia, a trav\u00e9s del Ministerio de Educaci\u00f3n. La misma est\u00e1 llegando al tramo final, con lo cual los docentes del segundo y tercer ciclo de nivel Primario y del ciclo b\u00e1sico del nivel Secundario reciben herramientas pedag\u00f3gicas [&hellip;]<\/p>\n","protected":false},"author":2,"featured_media":2535,"comment_status":"open","ping_status":"open","sticky":false,"template":"","format":"standard","meta":{"footnotes":""},"categories":[28],"tags":[],"class_list":{"0":"post-2534","1":"post","2":"type-post","3":"status-publish","4":"format-standard","5":"has-post-thumbnail","7":"category-locales"},"aioseo_notices":[],"_links":{"self":[{"href":"https:\/\/lalupa24.com.ar\/index.php\/wp-json\/wp\/v2\/posts\/2534","targetHints":{"allow":["GET"]}}],"collection":[{"href":"https:\/\/lalupa24.com.ar\/index.php\/wp-json\/wp\/v2\/posts"}],"about":[{"href":"https:\/\/lalupa24.com.ar\/index.php\/wp-json\/wp\/v2\/types\/post"}],"author":[{"embeddable":true,"href":"https:\/\/lalupa24.com.ar\/index.php\/wp-json\/wp\/v2\/users\/2"}],"replies":[{"embeddable":true,"href":"https:\/\/lalupa24.com.ar\/index.php\/wp-json\/wp\/v2\/comments?post=2534"}],"version-history":[{"count":1,"href":"https:\/\/lalupa24.com.ar\/index.php\/wp-json\/wp\/v2\/posts\/2534\/revisions"}],"predecessor-version":[{"id":2536,"href":"https:\/\/lalupa24.com.ar\/index.php\/wp-json\/wp\/v2\/posts\/2534\/revisions\/2536"}],"wp:featuredmedia":[{"embeddable":true,"href":"https:\/\/lalupa24.com.ar\/index.php\/wp-json\/wp\/v2\/media\/2535"}],"wp:attachment":[{"href":"https:\/\/lalupa24.com.ar\/index.php\/wp-json\/wp\/v2\/media?parent=2534"}],"wp:term":[{"taxonomy":"category","embeddable":true,"href":"https:\/\/lalupa24.com.ar\/index.php\/wp-json\/wp\/v2\/categories?post=2534"},{"taxonomy":"post_tag","embeddable":true,"href":"https:\/\/lalupa24.com.ar\/index.php\/wp-json\/wp\/v2\/tags?post=2534"}],"curies":[{"name":"wp","href":"https:\/\/api.w.org\/{rel}","templated":true}]}}