{"id":2537,"date":"2024-10-20T09:42:25","date_gmt":"2024-10-20T12:42:25","guid":{"rendered":"https:\/\/lalupa24.com.ar\/?p=2537"},"modified":"2024-10-29T09:44:36","modified_gmt":"2024-10-29T12:44:36","slug":"el-gobernador-zdero-acompano-el-aniversario-85-de-la-camara-de-comercio-local","status":"publish","type":"post","link":"https:\/\/lalupa24.com.ar\/index.php\/2024\/10\/20\/el-gobernador-zdero-acompano-el-aniversario-85-de-la-camara-de-comercio-local\/","title":{"rendered":"El gobernador Zdero acompa\u00f1o el aniversario 85\u00b0 de la c\u00e1mara de comercio local"},"content":{"rendered":"\n<p><\/p>\n\n\n\n<p>\u201cRatificamos nuestro compromiso con el comercio del Chaco y con pol\u00edticas que vayan acompa\u00f1ando a toda la cadena econ\u00f3mica, en cada uno de sus eslabones. El comercio tiene mucha trascendencia y para nosotros, es un honor que nos inviten, porque seguiremos trabajando mancomunadamente con eventos organizados por CAME, organizado tambi\u00e9n por el sector p\u00fablico y privado, con la mirada siempre desde el estado provincial para el desarrollo econ\u00f3mico de la provincia\u201d- indic\u00f3 el Gobernador.<\/p>\n\n\n\n<p>El primer mandatario provincial acompa\u00f1ado anoche, por el intendente Bruno Cipolini y el presidente de la C\u00e1mara de Comercio, Ramiro Trabal\u00f3n, adem\u00e1s agreg\u00f3: \u201cSeguiremos acompa\u00f1ando la articulaci\u00f3n p\u00fablico-privado, con la naci\u00f3n, con los gobiernos locales, con capacitaciones, herramientas y mecanismos de apoyo al sector en cada uno de los pueblos porque cuando le va bien a los comerciantes, al campo, a la industria le va bien al Chaco. Quiero felicitar a Ramiro, a la Comisi\u00f3n Directiva, a todos los socios y comerciantes porque vamos a continuar trabajando todos juntos por el bienestar de los chaque\u00f1os\u201d.<\/p>\n\n\n\n<p>Por \u00faltimo, Ramiro Trabal\u00f3n, presidente de la C\u00e1mara de Comercio de S\u00e1enz Pe\u00f1a, manifest\u00f3: \u201cEstamos muy contentos por este nuevo aniversario, una noche hermosa con m\u00e1s de 400 empresarios presentes, entregando reconocimientos al trabajo y a la trayectoria; y destacando tambi\u00e9n que el Gobernador y el intendente vengan a apoyar este evento\u201d.<\/p>\n\n\n\n<p>Acompa\u00f1aron al Gobernador en este encuentro, el ministro de Hacienda y Finanzas, Alejandro Abraam; el intendente Bruno Cipolini; los legisladores provinciales Silvina Reiser; Iv\u00e1n Gyoker; Dorys Arkwright; Carim Peche; el diputado nacional Gerardo Cipolini; el vocal de APA, Luis Castagno, empresarios, comerciantes y emprendedores locales.<\/p>\n","protected":false},"excerpt":{"rendered":"<p>\u201cRatificamos nuestro compromiso con el comercio del Chaco y con pol\u00edticas que vayan acompa\u00f1ando a toda la cadena econ\u00f3mica, en cada uno de sus eslabones. El comercio tiene mucha trascendencia y para nosotros, es un honor que nos inviten, porque seguiremos trabajando mancomunadamente con eventos organizados por CAME, organizado tambi\u00e9n por el sector p\u00fablico y [&hellip;]<\/p>\n","protected":false},"author":2,"featured_media":2538,"comment_status":"open","ping_status":"open","sticky":false,"template":"","format":"standard","meta":{"footnotes":""},"categories":[27,28],"tags":[],"class_list":{"0":"post-2537","1":"post","2":"type-post","3":"status-publish","4":"format-standard","5":"has-post-thumbnail","7":"category-interior","8":"category-locales"},"aioseo_notices":[],"_links":{"self":[{"href":"https:\/\/lalupa24.com.ar\/index.php\/wp-json\/wp\/v2\/posts\/2537","targetHints":{"allow":["GET"]}}],"collection":[{"href":"https:\/\/lalupa24.com.ar\/index.php\/wp-json\/wp\/v2\/posts"}],"about":[{"href":"https:\/\/lalupa24.com.ar\/index.php\/wp-json\/wp\/v2\/types\/post"}],"author":[{"embeddable":true,"href":"https:\/\/lalupa24.com.ar\/index.php\/wp-json\/wp\/v2\/users\/2"}],"replies":[{"embeddable":true,"href":"https:\/\/lalupa24.com.ar\/index.php\/wp-json\/wp\/v2\/comments?post=2537"}],"version-history":[{"count":1,"href":"https:\/\/lalupa24.com.ar\/index.php\/wp-json\/wp\/v2\/posts\/2537\/revisions"}],"predecessor-version":[{"id":2539,"href":"https:\/\/lalupa24.com.ar\/index.php\/wp-json\/wp\/v2\/posts\/2537\/revisions\/2539"}],"wp:featuredmedia":[{"embeddable":true,"href":"https:\/\/lalupa24.com.ar\/index.php\/wp-json\/wp\/v2\/media\/2538"}],"wp:attachment":[{"href":"https:\/\/lalupa24.com.ar\/index.php\/wp-json\/wp\/v2\/media?parent=2537"}],"wp:term":[{"taxonomy":"category","embeddable":true,"href":"https:\/\/lalupa24.com.ar\/index.php\/wp-json\/wp\/v2\/categories?post=2537"},{"taxonomy":"post_tag","embeddable":true,"href":"https:\/\/lalupa24.com.ar\/index.php\/wp-json\/wp\/v2\/tags?post=2537"}],"curies":[{"name":"wp","href":"https:\/\/api.w.org\/{rel}","templated":true}]}}