{"id":2540,"date":"2024-10-21T09:47:10","date_gmt":"2024-10-21T12:47:10","guid":{"rendered":"https:\/\/lalupa24.com.ar\/?p=2540"},"modified":"2024-10-29T09:51:54","modified_gmt":"2024-10-29T12:51:54","slug":"secheep-el-desmedido-aumento-de-nacion-en-las-tarifas-afecta-a-los-chaquenos","status":"publish","type":"post","link":"https:\/\/lalupa24.com.ar\/index.php\/2024\/10\/21\/secheep-el-desmedido-aumento-de-nacion-en-las-tarifas-afecta-a-los-chaquenos\/","title":{"rendered":"Secheep &#8220;El desmedido aumento de naci\u00f3n en las tarifas, afecta a los chaque\u00f1os&#8221;"},"content":{"rendered":"\n<p>En el marco de su campa\u00f1a \u201cCultura Energ\u00e9tica\u201d, SECHEEP puso en marcha \u201cEl Viaje de la Energ\u00eda\u201d un proyecto educativo destinado a estudiantes de diferentes ciclos lectivos promover el uso responsable de la energ\u00eda el\u00e9ctrica y la conciencia ambiental en la provincia. En ese marco, desde la empresa energ\u00e9tica invitan y convocan a las escuelas que quieran recibir la propuesta a inscribirse a trav\u00e9s de su p\u00e1gina web: www.secheep.gob.ar.<br>A trav\u00e9s del proyecto educativo, los estudiantes aprender\u00e1n, en una primera etapa, sobre el origen de la energ\u00eda el\u00e9ctrica, su uso eficiente y la prevenci\u00f3n de accidentes el\u00e9ctricos, utilizando materiales did\u00e1cticos y actividades interactivas.<br>\u201cEl Viaje de la Energ\u00eda\u201d ya fue presentado por SECHEEP en la reciente Feria Iberoamericana del Libro y la instancia provincial de la Feria de Ciencias Provincial, organizadas por el Gobierno de la provincia.<br>Esta iniciativa de Secheep, llevada a cabo con el acompa\u00f1amiento y asesoramiento del Ministerio de Educaci\u00f3n de la provincia y la colaboraci\u00f3n de otros entes p\u00fablicos, busca preparar a las futuras generaciones para un uso m\u00e1s consciente y sostenible de los recursos energ\u00e9ticos.<\/p>\n\n\n\n<p><strong>Inscripciones para el ciclo lectivo 2025<\/strong><br>Tras la presentaci\u00f3n del proyecto, Secheep ya coordin\u00f3 y program\u00f3 encuentros en algunas instituciones educativas. En ese marco, con el objetivo de que \u201cEl Viaje de la Energ\u00eda\u201d llegue a la mayor cantidad de instituciones posibles, la empresa energ\u00e9tica inici\u00f3 preinscripciones para escuelas, cursos y\/o grados para el ciclo lectivo 2025.<br>Quienes est\u00e9n interesados en recibir la visita de \u201cEl Viaje de la Energ\u00eda\u201d deben rellenar el formulario de preinscripci\u00f3n online a trav\u00e9s de la web de Secheep: https:\/\/www.secheep.gob.ar\/?page_id=7623&amp;et_fb=1&amp;PageSpeed=off.<br>A trav\u00e9s de la propuesta, la empresa energ\u00e9tica tiene como objetivos: ense\u00f1ar a los estudiantes y a la comunidad educativa sobre el proceso de producci\u00f3n, transporte y distribuci\u00f3n de la energ\u00eda el\u00e9ctrica; que la comunidad reconozca la importancia de la electricidad y su impacto ambiental, diferenciando entre recursos renovables y no renovables; fomentar h\u00e1bitos de consumo consciente y responsable de la electricidad.<br>Adem\u00e1s, se busca promover el uso seguro de la electricidad y la prevenci\u00f3n de accidentes; y que los estudiantes se vuelvan agentes divulgadores de los conocimientos adquiridos en sus entornos sociales.<\/p>\n","protected":false},"excerpt":{"rendered":"<p>En el marco de su campa\u00f1a \u201cCultura Energ\u00e9tica\u201d, SECHEEP puso en marcha \u201cEl Viaje de la Energ\u00eda\u201d un proyecto educativo destinado a estudiantes de diferentes ciclos lectivos promover el uso responsable de la energ\u00eda el\u00e9ctrica y la conciencia ambiental en la provincia. En ese marco, desde la empresa energ\u00e9tica invitan y convocan a las escuelas [&hellip;]<\/p>\n","protected":false},"author":2,"featured_media":2541,"comment_status":"open","ping_status":"open","sticky":false,"template":"","format":"standard","meta":{"footnotes":""},"categories":[28],"tags":[],"class_list":{"0":"post-2540","1":"post","2":"type-post","3":"status-publish","4":"format-standard","5":"has-post-thumbnail","7":"category-locales"},"aioseo_notices":[],"_links":{"self":[{"href":"https:\/\/lalupa24.com.ar\/index.php\/wp-json\/wp\/v2\/posts\/2540","targetHints":{"allow":["GET"]}}],"collection":[{"href":"https:\/\/lalupa24.com.ar\/index.php\/wp-json\/wp\/v2\/posts"}],"about":[{"href":"https:\/\/lalupa24.com.ar\/index.php\/wp-json\/wp\/v2\/types\/post"}],"author":[{"embeddable":true,"href":"https:\/\/lalupa24.com.ar\/index.php\/wp-json\/wp\/v2\/users\/2"}],"replies":[{"embeddable":true,"href":"https:\/\/lalupa24.com.ar\/index.php\/wp-json\/wp\/v2\/comments?post=2540"}],"version-history":[{"count":1,"href":"https:\/\/lalupa24.com.ar\/index.php\/wp-json\/wp\/v2\/posts\/2540\/revisions"}],"predecessor-version":[{"id":2542,"href":"https:\/\/lalupa24.com.ar\/index.php\/wp-json\/wp\/v2\/posts\/2540\/revisions\/2542"}],"wp:featuredmedia":[{"embeddable":true,"href":"https:\/\/lalupa24.com.ar\/index.php\/wp-json\/wp\/v2\/media\/2541"}],"wp:attachment":[{"href":"https:\/\/lalupa24.com.ar\/index.php\/wp-json\/wp\/v2\/media?parent=2540"}],"wp:term":[{"taxonomy":"category","embeddable":true,"href":"https:\/\/lalupa24.com.ar\/index.php\/wp-json\/wp\/v2\/categories?post=2540"},{"taxonomy":"post_tag","embeddable":true,"href":"https:\/\/lalupa24.com.ar\/index.php\/wp-json\/wp\/v2\/tags?post=2540"}],"curies":[{"name":"wp","href":"https:\/\/api.w.org\/{rel}","templated":true}]}}