{"id":2549,"date":"2024-10-26T10:00:17","date_gmt":"2024-10-26T13:00:17","guid":{"rendered":"https:\/\/lalupa24.com.ar\/?p=2549"},"modified":"2024-10-29T10:01:53","modified_gmt":"2024-10-29T13:01:53","slug":"la-vicegobernadora-schneider-acompano-el-33-aniversario-de-eva-peron","status":"publish","type":"post","link":"https:\/\/lalupa24.com.ar\/index.php\/2024\/10\/26\/la-vicegobernadora-schneider-acompano-el-33-aniversario-de-eva-peron\/","title":{"rendered":"La vicegobernadora Schneider acompa\u00f1o el 33\u00b0 aniversario de Eva Per\u00f3n"},"content":{"rendered":"\n<p>La vicegobernadora, Silvana Schneider, acompa\u00f1\u00f3 anoche los festejos por el 33\u00ba Aniversario de Puerto Eva Per\u00f3n, con importantes inauguraciones y entrega de t\u00edtulos a los vecinos \u201cestamos en cada rinc\u00f3n de la provincia, trabajando por el bienestar de cada chaque\u00f1o y mejorando la calidad de vida con mucho esfuerzo, con pol\u00edticas claras y con la esperanza de un futuro mejor para nuestros hijos\u201d- indic\u00f3 la mandataria.<\/p>\n\n\n\n<p>La vicegobernadora Silvana Schneider, junto al Secretario de Asuntos Estrat\u00e9gicos, Marcos Resico y al Intendente local, Diego Lavia, celebraron junto a la comunidad el 33\u00ba aniversario de la fundaci\u00f3n de Puerto Eva Per\u00f3n, en un acto protocolar que adem\u00e1s incluy\u00f3 la inauguraci\u00f3n de obras de infraestructura, un recorrido por proyectos&nbsp; claves en la localidad y la entrega de t\u00edtulos de propiedad a los vecinos.<\/p>\n\n\n\n<p>Schnneider destac\u00f3 la importancia de estas obras en beneficio de la comunidad, como el reacondicionamiento del sistema de agua potable. Tambi\u00e9n se llev\u00f3 a cabo la inauguraci\u00f3n de la ampliaci\u00f3n del Camping de los Pescadores, ubicado junto a la planta de agua, donde se han incorporado miradores y veredas para el disfrute de los habitantes y los turistas.<br>Por otra parte, quedaron habilitadas las mejoras en el Complejo Deportivo Municipal, con un sistema de riego e iluminaci\u00f3n modernizado y un Centro de Alto Rendimiento, desarrollados a trav\u00e9s de convenios con Loter\u00eda Chaque\u00f1a.<br>La vicegobernadora subray\u00f3 \u201cel valor de estas inversiones para impulsar el deporte y la recreaci\u00f3n en Puerto Eva Per\u00f3n como as\u00ed tambi\u00e9n la entrega<br>de t\u00edtulos en el marco del acto protocolar, que tuvo lugar en el Complejo Deportivo Municipal\u201d- agreg\u00f3.<\/p>\n\n\n\n<p><strong>Participaci\u00f3n de Autoridades<\/strong><br>El evento cont\u00f3 adem\u00e1s con la presencia del presidente de Ecom, Adri\u00e1n Veleff; el vocal de Loter\u00eda Chaque\u00f1a, Dr. Juan Chaussivert; Viviana Garc\u00eda, subsecretaria econ\u00f3mica para el Desarrollo; intendentes de la zona; instituciones educativas; autoridades locales y vecinos.&nbsp;<\/p>\n\n\n\n<p>Por \u00faltimo , la Vicegobernadora agradeci\u00f3 la participaci\u00f3n de la comunidad y reiter\u00f3 el compromiso de la gesti\u00f3n provincial de seguir trabajando y promoviendo el desarrollo de cada localidad. La jornada culmin\u00f3 con un festival popular, brindando un espacio de encuentro para la gente, en celebraci\u00f3n de un a\u00f1o m\u00e1s de historia en Puerto Eva Per\u00f3n.<\/p>\n","protected":false},"excerpt":{"rendered":"<p>La vicegobernadora, Silvana Schneider, acompa\u00f1\u00f3 anoche los festejos por el 33\u00ba Aniversario de Puerto Eva Per\u00f3n, con importantes inauguraciones y entrega de t\u00edtulos a los vecinos \u201cestamos en cada rinc\u00f3n de la provincia, trabajando por el bienestar de cada chaque\u00f1o y mejorando la calidad de vida con mucho esfuerzo, con pol\u00edticas claras y con la [&hellip;]<\/p>\n","protected":false},"author":2,"featured_media":2550,"comment_status":"open","ping_status":"open","sticky":false,"template":"","format":"standard","meta":{"footnotes":""},"categories":[27],"tags":[],"class_list":{"0":"post-2549","1":"post","2":"type-post","3":"status-publish","4":"format-standard","5":"has-post-thumbnail","7":"category-interior"},"aioseo_notices":[],"_links":{"self":[{"href":"https:\/\/lalupa24.com.ar\/index.php\/wp-json\/wp\/v2\/posts\/2549","targetHints":{"allow":["GET"]}}],"collection":[{"href":"https:\/\/lalupa24.com.ar\/index.php\/wp-json\/wp\/v2\/posts"}],"about":[{"href":"https:\/\/lalupa24.com.ar\/index.php\/wp-json\/wp\/v2\/types\/post"}],"author":[{"embeddable":true,"href":"https:\/\/lalupa24.com.ar\/index.php\/wp-json\/wp\/v2\/users\/2"}],"replies":[{"embeddable":true,"href":"https:\/\/lalupa24.com.ar\/index.php\/wp-json\/wp\/v2\/comments?post=2549"}],"version-history":[{"count":1,"href":"https:\/\/lalupa24.com.ar\/index.php\/wp-json\/wp\/v2\/posts\/2549\/revisions"}],"predecessor-version":[{"id":2551,"href":"https:\/\/lalupa24.com.ar\/index.php\/wp-json\/wp\/v2\/posts\/2549\/revisions\/2551"}],"wp:featuredmedia":[{"embeddable":true,"href":"https:\/\/lalupa24.com.ar\/index.php\/wp-json\/wp\/v2\/media\/2550"}],"wp:attachment":[{"href":"https:\/\/lalupa24.com.ar\/index.php\/wp-json\/wp\/v2\/media?parent=2549"}],"wp:term":[{"taxonomy":"category","embeddable":true,"href":"https:\/\/lalupa24.com.ar\/index.php\/wp-json\/wp\/v2\/categories?post=2549"},{"taxonomy":"post_tag","embeddable":true,"href":"https:\/\/lalupa24.com.ar\/index.php\/wp-json\/wp\/v2\/tags?post=2549"}],"curies":[{"name":"wp","href":"https:\/\/api.w.org\/{rel}","templated":true}]}}