{"id":2567,"date":"2024-10-31T09:29:29","date_gmt":"2024-10-31T12:29:29","guid":{"rendered":"https:\/\/lalupa24.com.ar\/?p=2567"},"modified":"2024-11-04T09:30:35","modified_gmt":"2024-11-04T12:30:35","slug":"econ-chaco-presente-en-el-congreso-ix-en-mendoza","status":"publish","type":"post","link":"https:\/\/lalupa24.com.ar\/index.php\/2024\/10\/31\/econ-chaco-presente-en-el-congreso-ix-en-mendoza\/","title":{"rendered":"Econ chaco presente en el congreso IX en Mendoza"},"content":{"rendered":"\n<p>Ecom Chaco se destac\u00f3 en el IX Congreso de Tecnolog\u00eda y Justicia, que reuni\u00f3 a m\u00e1s de 500 profesionales del derecho, inform\u00e1tica y p\u00fablico en general, provenientes de diversas provincias argentinas, as\u00ed como de Brasil, Chile y Per\u00fa.<\/p>\n\n\n\n<p>Este importante evento, celebrado los d\u00edas 30 y 31 de octubre, en una Nave Cultural colmada, tuvo como eje central la Innovaci\u00f3n Judicial al Servicio de la Ciudadan\u00eda.<br>Organizado por el Instituto Federal de Innovaci\u00f3n Tecnolog\u00eda y Justicia (IFITEJ) de la Junta Federal de Cortes y Superiores Tribunales de Justicia (Ju.Fe.Jus.), el congreso ofreci\u00f3 charlas y paneles que permitieron a los asistentes conocer el presente y el futuro de la tecnolog\u00eda e innovaci\u00f3n, tanto en la provincia del Chaco como en el resto del pa\u00eds y en Sudam\u00e9rica. Entre los temas destacados, se abordaron la Inteligencia Artificial (IA) y su relaci\u00f3n con la justicia, as\u00ed como la Privacidad de Datos, Vulnerabilidades, Transformaci\u00f3n Digital y Gobernanza Digital.<\/p>\n\n\n\n<p>La delegaci\u00f3n de Ecom Chaco estuvo liderada por su presidente, Adri\u00e1n Veleff, y tambi\u00e9n incluy\u00f3 al Gerente de Desarrollo de Software Walter Giordano, al Ingeniero Lucas Ib\u00e1\u00f1ez, y al referente comercial Mariano Franchini.&nbsp;<\/p>\n\n\n\n<p>Durante el evento, Ecom Chaco present\u00f3 su trayectoria de 47 a\u00f1os al servicio del Estado y de la comunidad chaque\u00f1a, destacando su papel como soporte tecnol\u00f3gico de los poderes Ejecutivo, Legislativo y Judicial de la provincia.<br>Uno de los enfoques de Ecom Chaco ha sido la Ciber Seguridad, con la implementaci\u00f3n de c\u00e1maras de \u00faltima generaci\u00f3n en toda la provincia, como un medio disuasivo del delito. Adem\u00e1s, se present\u00f3 una variedad de soluciones tecnol\u00f3gicas personalizadas para el sector p\u00fablico y privado, incluyendo:<\/p>\n\n\n\n<p>&#8211; AVL: Sistema de seguimiento vehicular.<br>&#8211; SGM: Sistema de Gesti\u00f3n Municipal, con m\u00f3dulos de ingresos y egresos.<br>&#8211; SGT: Sistema de Gesti\u00f3n de Tr\u00e1mites, que incluye funcionalidades como firma digital y auditor\u00eda.<br>&#8211; Portal Municipal: Herramienta para ofrecer a los ciudadanos acceso a chatbots, noticias y eventos en tiempo real.<br>&#8211; SIMO: Sistema para la actividad agr\u00edcola con datos meteorol\u00f3gicos en tiempo real.<\/p>\n\n\n\n<p>En el stand de Ecom Chaco, se exhibieron innovaciones como el Sistema de Gesti\u00f3n de Sala de Armas, el Sistema de Gesti\u00f3n Administrativa (SIGA) en uso en el Poder Judicial de Corrientes, y el Sistema de Liquidaci\u00f3n de Haberes, que optimiza la administraci\u00f3n de pagos.<\/p>\n\n\n\n<p>El Presidente Adri\u00e1n Veleff tambi\u00e9n anunci\u00f3 la pr\u00f3xima inauguraci\u00f3n de su nueva sede de Desarrollo de Software en Fontana, que incluir\u00e1 un Centro de Desarrollo de Tecnolog\u00eda Rob\u00f3tica, en l\u00ednea con la visi\u00f3n del Gobernador del Chaco, Leandro Zdero.<\/p>\n\n\n\n<p>El Ing. Lucas Iba\u00f1ez, miembro del equipo de Ecom Chaco S.A., cerrar\u00e1 la presentaci\u00f3n con una exposici\u00f3n de un innovador producto que integra un chatbot con m\u00f3dulos de inteligencia artificial, reafirmando el compromiso de la empresa con la modernizaci\u00f3n y eficiencia en la gesti\u00f3n p\u00fablica.<br>Ecom Chaco sigue avanzando hacia la vanguardia tecnol\u00f3gica, contribuyendo al desarrollo y bienestar de la comunidad chaque\u00f1a y del pa\u00eds.<\/p>\n","protected":false},"excerpt":{"rendered":"<p>Ecom Chaco se destac\u00f3 en el IX Congreso de Tecnolog\u00eda y Justicia, que reuni\u00f3 a m\u00e1s de 500 profesionales del derecho, inform\u00e1tica y p\u00fablico en general, provenientes de diversas provincias argentinas, as\u00ed como de Brasil, Chile y Per\u00fa. Este importante evento, celebrado los d\u00edas 30 y 31 de octubre, en una Nave Cultural colmada, tuvo [&hellip;]<\/p>\n","protected":false},"author":2,"featured_media":2568,"comment_status":"open","ping_status":"open","sticky":false,"template":"","format":"standard","meta":{"footnotes":""},"categories":[28],"tags":[],"class_list":{"0":"post-2567","1":"post","2":"type-post","3":"status-publish","4":"format-standard","5":"has-post-thumbnail","7":"category-locales"},"aioseo_notices":[],"_links":{"self":[{"href":"https:\/\/lalupa24.com.ar\/index.php\/wp-json\/wp\/v2\/posts\/2567","targetHints":{"allow":["GET"]}}],"collection":[{"href":"https:\/\/lalupa24.com.ar\/index.php\/wp-json\/wp\/v2\/posts"}],"about":[{"href":"https:\/\/lalupa24.com.ar\/index.php\/wp-json\/wp\/v2\/types\/post"}],"author":[{"embeddable":true,"href":"https:\/\/lalupa24.com.ar\/index.php\/wp-json\/wp\/v2\/users\/2"}],"replies":[{"embeddable":true,"href":"https:\/\/lalupa24.com.ar\/index.php\/wp-json\/wp\/v2\/comments?post=2567"}],"version-history":[{"count":1,"href":"https:\/\/lalupa24.com.ar\/index.php\/wp-json\/wp\/v2\/posts\/2567\/revisions"}],"predecessor-version":[{"id":2569,"href":"https:\/\/lalupa24.com.ar\/index.php\/wp-json\/wp\/v2\/posts\/2567\/revisions\/2569"}],"wp:featuredmedia":[{"embeddable":true,"href":"https:\/\/lalupa24.com.ar\/index.php\/wp-json\/wp\/v2\/media\/2568"}],"wp:attachment":[{"href":"https:\/\/lalupa24.com.ar\/index.php\/wp-json\/wp\/v2\/media?parent=2567"}],"wp:term":[{"taxonomy":"category","embeddable":true,"href":"https:\/\/lalupa24.com.ar\/index.php\/wp-json\/wp\/v2\/categories?post=2567"},{"taxonomy":"post_tag","embeddable":true,"href":"https:\/\/lalupa24.com.ar\/index.php\/wp-json\/wp\/v2\/tags?post=2567"}],"curies":[{"name":"wp","href":"https:\/\/api.w.org\/{rel}","templated":true}]}}