{"id":2573,"date":"2024-11-02T09:33:28","date_gmt":"2024-11-02T12:33:28","guid":{"rendered":"https:\/\/lalupa24.com.ar\/?p=2573"},"modified":"2024-11-04T09:37:56","modified_gmt":"2024-11-04T12:37:56","slug":"chaco-juega-rumbo-a-mar-del-plata","status":"publish","type":"post","link":"https:\/\/lalupa24.com.ar\/index.php\/2024\/11\/02\/chaco-juega-rumbo-a-mar-del-plata\/","title":{"rendered":"&#8220;Chaco juega&#8221; rumbo a mar del plata"},"content":{"rendered":"\n<p>La concentraci\u00f3n ser\u00e1 a partir de las 11 hrs para posterior traslado a la &#8221; ciudad feliz&#8221;\u00a0 la delegaci\u00f3n chaque\u00f1a estar\u00e1 presente del 4 al 9\u00a0 \u00a0 de noviembre por decisi\u00f3n del gobernador Leandro Zdero que nuestros deportistas puedan competir a nivel nacional.<br>De esta manera, nuestra provincia estar\u00e1 representada en el mayor evento deportivo nacional que reunir\u00e1 a cerca de 8000 deportistas, con un gran esfuerzo del Gobierno del Chaco junto al Instituto del Deporte Chaque\u00f1o que acompa\u00f1ar\u00e1n a deportistas y profesores en La Feliz.<\/p>\n\n\n\n<p>Disciplinas deportivas:<br>La Secretar\u00eda de Deportes de La Naci\u00f3n, organizadora del evento, determin\u00f3 que las disciplinas deportivas en la que se competir\u00e1n, aclarando que en esta edici\u00f3n solo se limitar\u00e1 a lo deportivo sin actividades culturales ni urbanas. Estas son:<br>Atletismo Convencional, Atletismo Adaptado, Ciclismo, Esgrima, Judo, Karate, Tenis, Tenis de Mesa, Tenis de Mesa Adaptado, Freestyle, Futsal, Badminton, B\u00e1squet 3&#215;3, B\u00e1squet 3&#215;3 Adaptado, Gimnasia Art\u00edstica, Gimnasia R\u00edtmica, Nataci\u00f3n, Nataci\u00f3n Adaptada, Triatl\u00f3n, Boccia, Goalball, Rugby, Voleibol, Boxeo, Handbol de Playa, Skate, Voleibol de Playa, Canotaje, Hockey 7, Taekwondo, Voleibol Sentado, BMX, Levantamiento Ol\u00edmpico, Lucha, Tiro y Tiro con Arco.<\/p>\n","protected":false},"excerpt":{"rendered":"<p>La concentraci\u00f3n ser\u00e1 a partir de las 11 hrs para posterior traslado a la &#8221; ciudad feliz&#8221;\u00a0 la delegaci\u00f3n chaque\u00f1a estar\u00e1 presente del 4 al 9\u00a0 \u00a0 de noviembre por decisi\u00f3n del gobernador Leandro Zdero que nuestros deportistas puedan competir a nivel nacional.De esta manera, nuestra provincia estar\u00e1 representada en el mayor evento deportivo nacional [&hellip;]<\/p>\n","protected":false},"author":2,"featured_media":2574,"comment_status":"open","ping_status":"open","sticky":false,"template":"","format":"standard","meta":{"footnotes":""},"categories":[100,28],"tags":[],"class_list":{"0":"post-2573","1":"post","2":"type-post","3":"status-publish","4":"format-standard","5":"has-post-thumbnail","7":"category-deportes","8":"category-locales"},"aioseo_notices":[],"_links":{"self":[{"href":"https:\/\/lalupa24.com.ar\/index.php\/wp-json\/wp\/v2\/posts\/2573","targetHints":{"allow":["GET"]}}],"collection":[{"href":"https:\/\/lalupa24.com.ar\/index.php\/wp-json\/wp\/v2\/posts"}],"about":[{"href":"https:\/\/lalupa24.com.ar\/index.php\/wp-json\/wp\/v2\/types\/post"}],"author":[{"embeddable":true,"href":"https:\/\/lalupa24.com.ar\/index.php\/wp-json\/wp\/v2\/users\/2"}],"replies":[{"embeddable":true,"href":"https:\/\/lalupa24.com.ar\/index.php\/wp-json\/wp\/v2\/comments?post=2573"}],"version-history":[{"count":1,"href":"https:\/\/lalupa24.com.ar\/index.php\/wp-json\/wp\/v2\/posts\/2573\/revisions"}],"predecessor-version":[{"id":2575,"href":"https:\/\/lalupa24.com.ar\/index.php\/wp-json\/wp\/v2\/posts\/2573\/revisions\/2575"}],"wp:featuredmedia":[{"embeddable":true,"href":"https:\/\/lalupa24.com.ar\/index.php\/wp-json\/wp\/v2\/media\/2574"}],"wp:attachment":[{"href":"https:\/\/lalupa24.com.ar\/index.php\/wp-json\/wp\/v2\/media?parent=2573"}],"wp:term":[{"taxonomy":"category","embeddable":true,"href":"https:\/\/lalupa24.com.ar\/index.php\/wp-json\/wp\/v2\/categories?post=2573"},{"taxonomy":"post_tag","embeddable":true,"href":"https:\/\/lalupa24.com.ar\/index.php\/wp-json\/wp\/v2\/tags?post=2573"}],"curies":[{"name":"wp","href":"https:\/\/api.w.org\/{rel}","templated":true}]}}