{"id":2598,"date":"2024-11-07T07:46:28","date_gmt":"2024-11-07T10:46:28","guid":{"rendered":"https:\/\/lalupa24.com.ar\/?p=2598"},"modified":"2024-11-19T07:48:24","modified_gmt":"2024-11-19T10:48:24","slug":"el-gobierno-acordo-con-naciones-unidas-un-plan-de-accion-para-la-inclusion-social-el-crecimiento-economico-y-proteccion-ambiental","status":"publish","type":"post","link":"https:\/\/lalupa24.com.ar\/index.php\/2024\/11\/07\/el-gobierno-acordo-con-naciones-unidas-un-plan-de-accion-para-la-inclusion-social-el-crecimiento-economico-y-proteccion-ambiental\/","title":{"rendered":"El gobierno acord\u00f3 con naciones unidas un plan de acci\u00f3n para la inclusi\u00f3n social, el crecimiento econ\u00f3mico y protecci\u00f3n ambiental"},"content":{"rendered":"\n<p><\/p>\n\n\n\n<p>El memorando establece el dise\u00f1o de un plan de acci\u00f3n tendiente a incrementar los recursos naturales, realizar un mejor aprovechamiento de los recursos disponibles, disminuir los gastos futuros, contribuir para el desarrollo de negocios sostenibles y de la bioeconom\u00eda, as\u00ed como adem\u00e1s, la generaci\u00f3n de empleos verdes.<\/p>\n\n\n\n<p>El gobernador Leandro Zdero rubric\u00f3, este jueves, un acuerdo con el representante Residente Adjunto del Programa de Naciones Unidas para el Desarrollo (PNUD) Carlos Arboleda. El objetivo es una planificaci\u00f3n conjunta para la inclusi\u00f3n social, el crecimiento econ\u00f3mico y la protecci\u00f3n ambiental del territorio chaque\u00f1o.<br>\u201cEl memorando refuerza pol\u00edticas p\u00fablicas que marcan un Norte en las acciones de nuestra gesti\u00f3n, entendemos que a trav\u00e9s de un trabajo articulado garantizaremos el deseado desarrollo de nuestra provincia\u201d, asegur\u00f3 el mandatario.<br>El acuerdo establece el dise\u00f1o de un plan de acci\u00f3n tendiente a incrementar los recursos naturales, realizar un mejor aprovechamiento de los recursos disponibles, disminuir los gastos futuros, contribuir para el desarrollo de negocios sostenibles y de la bioeconom\u00eda, as\u00ed como adem\u00e1s, la generaci\u00f3n de empleos verdes.<br>\u201cCon el memorando se incrementar\u00e1n los recursos naturales y se otorgar\u00e1 una mejor calidad de vida para los chaque\u00f1os, contribuiremos con un entorno propicio para el desarrollo, adem\u00e1s, de negocios sostenibles, es para nosotros una pol\u00edtica de Estado\u201d, remarc\u00f3.<br>De esta manera agradeci\u00f3 esta misi\u00f3n en la provincia y ratific\u00f3 el compromiso de llevar adelante un trabajo en conjunto. \u201cLos beneficiarios de la presente pol\u00edtica (haciendo alusi\u00f3n a los actores econ\u00f3micos y sociales vinculados a la biodiversidad) son en definitiva quienes van a marcar las bases de este acuerdo\u201d, sostuvo.<br>El programa de cooperaci\u00f3n del PNUD abarca dimensiones tales como el fortalecimiento de la gobernabilidad democr\u00e1tica, la promoci\u00f3n de los derechos humanos, el fortalecimiento del Estado de derecho, el acceso a la justicia, la reducci\u00f3n de la pobreza, el desarrollo productivo y social y la protecci\u00f3n del ambiente.<br>Esta colaboraci\u00f3n brindar\u00e1 las bases para crear un entorno propicio en el desarrollo sostenible por sobre la bioeconom\u00eda y estimular sectores econ\u00f3micos que contribuyen a la conservaci\u00f3n de la naturaleza y la creaci\u00f3n de empleo verdes. El programa es parte del Kunming-Montreal, un plan estrat\u00e9gico que establece objetivos y metas para detener y revertir la p\u00e9rdida de biodiversidad.<br>La biodiversidad proporciona insumos vitales para la sociedad y la econom\u00eda: agua, alimentos, estabilidad clim\u00e1tica, entre otros. Por ejemplo, el fondo econ\u00f3mico mundial estim\u00f3 que m\u00e1s de la mitad de la producci\u00f3n econ\u00f3mica mundial (unos 44 billones de d\u00f3lares) depende directamente de la naturaleza.<br>Tras la r\u00fabrica, el gobernador remarc\u00f3 que en su gira por Europa se puso al tanto a Serena Fortuna, responsable de la Organizaci\u00f3n de las Naciones Unidas para la Alimentaci\u00f3n y la Agricultura (FAO), sobre las realidades que atraviesa la provincia sobre el uso de los recursos naturales.<br>\u201cNuestra cartera productiva tiene incluida la sustentabilidad a trav\u00e9s del desarrollo econ\u00f3mico sostenible, porque entendemos que esa es la manera de construir. Sabemos que el resguardo de los recursos naturales dar\u00e1 a Chaco el sustento necesario para ser una provincia con un desarrollo sostenido y adecuado para las presentes y futuras generaciones\u201d, explic\u00f3.<br>Participaron, adem\u00e1s, el secretario de coordinaci\u00f3n de Gabinete Livio Guti\u00e9rrez; el ministro de la Producci\u00f3n y el Desarrollo Econ\u00f3mico Sostenible, V\u00edctor Zimmermann; y el presidente de la Fiduciaria del Norte, Gerardo Santos Oliveira.<\/p>\n\n\n\n<p>\u201cEl monte chaque\u00f1o es un capital invaluable para el mundo\u201d<br>Arboleda manifest\u00f3 su alegr\u00eda de estar en la provincia y poder hablar sobre desarrollo sustentable y agradeci\u00f3 al gobernador Zdero por el encuentro. \u201cTengo confianza que este memorando representa un punto de partida para profundizar y consolidar el trabajo conjunto con el Chaco con el objetivo de desarrollar un plan de financiamiento que permita escalar las inversiones en la naturaleza\u201d, expres\u00f3 Arboleda.<br>\u201cArgentina es sin duda una Naci\u00f3n rica en recursos naturales y biodiversidad y en particular la provincia posee ecorregiones de enorme valores como el monte chaque\u00f1o que alberga una gran riqueza natural, siendo un capital invaluable para el pa\u00eds, la regi\u00f3n y el mundo\u201d, destac\u00f3 el representante de Naciones Unidas.<br>En ese sentido record\u00f3 que, a pesar de este enorme valor, estos ecosistemas sufrieron modificaciones en las \u00faltimas d\u00e9cadas. \u201cHemos avanzando sobre la naturaleza reemplazando la riqueza de largo plazo, por un consumo de corto plazo que amenaza nuestra base natural y la biodiversidad que sustenta la vida\u201d, remarc\u00f3.<br>Ante este panorama, el financiamiento se convierte en un eje estrat\u00e9gico para revertir esta situaci\u00f3n. \u201cA nivel global hay una brecha de entre 598 y 894 mil millones de d\u00f3lares anuales para abordar la p\u00e9rdida de biodiversidad, esta brecha representa un desaf\u00edo que limita nuestra capacidad para cumplir el convenio sobre la biodiversidad biol\u00f3gica y alcanzar un desarrollo sostenible\u201d, consider\u00f3.<br>Por ello resalt\u00f3 que BIOFID se presenta como un marco innovador que permite integrar la biodiversidad en las finanzas p\u00fablicas y en el sistema financiero con potencial de reducir las asimetr\u00edas entre las inversiones actuales y las necesarias para conversaci\u00f3n del entorno natural.<\/p>\n","protected":false},"excerpt":{"rendered":"<p>El memorando establece el dise\u00f1o de un plan de acci\u00f3n tendiente a incrementar los recursos naturales, realizar un mejor aprovechamiento de los recursos disponibles, disminuir los gastos futuros, contribuir para el desarrollo de negocios sostenibles y de la bioeconom\u00eda, as\u00ed como adem\u00e1s, la generaci\u00f3n de empleos verdes. El gobernador Leandro Zdero rubric\u00f3, este jueves, un [&hellip;]<\/p>\n","protected":false},"author":2,"featured_media":2599,"comment_status":"open","ping_status":"open","sticky":false,"template":"","format":"standard","meta":{"footnotes":""},"categories":[28],"tags":[],"class_list":{"0":"post-2598","1":"post","2":"type-post","3":"status-publish","4":"format-standard","5":"has-post-thumbnail","7":"category-locales"},"aioseo_notices":[],"_links":{"self":[{"href":"https:\/\/lalupa24.com.ar\/index.php\/wp-json\/wp\/v2\/posts\/2598","targetHints":{"allow":["GET"]}}],"collection":[{"href":"https:\/\/lalupa24.com.ar\/index.php\/wp-json\/wp\/v2\/posts"}],"about":[{"href":"https:\/\/lalupa24.com.ar\/index.php\/wp-json\/wp\/v2\/types\/post"}],"author":[{"embeddable":true,"href":"https:\/\/lalupa24.com.ar\/index.php\/wp-json\/wp\/v2\/users\/2"}],"replies":[{"embeddable":true,"href":"https:\/\/lalupa24.com.ar\/index.php\/wp-json\/wp\/v2\/comments?post=2598"}],"version-history":[{"count":1,"href":"https:\/\/lalupa24.com.ar\/index.php\/wp-json\/wp\/v2\/posts\/2598\/revisions"}],"predecessor-version":[{"id":2600,"href":"https:\/\/lalupa24.com.ar\/index.php\/wp-json\/wp\/v2\/posts\/2598\/revisions\/2600"}],"wp:featuredmedia":[{"embeddable":true,"href":"https:\/\/lalupa24.com.ar\/index.php\/wp-json\/wp\/v2\/media\/2599"}],"wp:attachment":[{"href":"https:\/\/lalupa24.com.ar\/index.php\/wp-json\/wp\/v2\/media?parent=2598"}],"wp:term":[{"taxonomy":"category","embeddable":true,"href":"https:\/\/lalupa24.com.ar\/index.php\/wp-json\/wp\/v2\/categories?post=2598"},{"taxonomy":"post_tag","embeddable":true,"href":"https:\/\/lalupa24.com.ar\/index.php\/wp-json\/wp\/v2\/tags?post=2598"}],"curies":[{"name":"wp","href":"https:\/\/api.w.org\/{rel}","templated":true}]}}