{"id":2607,"date":"2024-11-10T07:55:14","date_gmt":"2024-11-10T10:55:14","guid":{"rendered":"https:\/\/lalupa24.com.ar\/?p=2607"},"modified":"2024-11-19T07:57:26","modified_gmt":"2024-11-19T10:57:26","slug":"el-gobierno-provincial-avanza-con-la-instalacion-de-red-de-agua-potable-en-colonia-popular","status":"publish","type":"post","link":"https:\/\/lalupa24.com.ar\/index.php\/2024\/11\/10\/el-gobierno-provincial-avanza-con-la-instalacion-de-red-de-agua-potable-en-colonia-popular\/","title":{"rendered":"El gobierno provincial avanza con la instalaci\u00f3n de red de agua potable en colonia popular"},"content":{"rendered":"\n<p><\/p>\n\n\n\n<p><em>A paso firme, la empresa Sameep contin\u00faa avanzando con la instalaci\u00f3n de la red de agua potable en Colonia Popular. &#8220;Es una demanda hist\u00f3rica que esta gesti\u00f3n provincial, encabezada por el gobernador, Leandro Zdero se ocup\u00f3 y dio respuestas. Desde la empresa estamos trabajando firmemente para lograr este objetivo, que cambiar\u00e1 la calidad de vida de los habitantes de esta localidad&#8221;, se\u00f1al\u00f3 el presidente de Sameep, Ing. Nicol\u00e1s Diez.<\/em><\/p>\n\n\n\n<p>&#8220;Una vez concluida toda esta obra hist\u00f3rica, ser\u00e1n beneficiadas no solo Colonia Popular, sino tambi\u00e9n Puerto Bastiani y la Picada Calabroni&#8221;, resalt\u00f3 el titular de Sameep.<br>\u201cEs una obra emblem\u00e1tica para nuestro pueblo, es el sue\u00f1o que ten\u00edamos, que trabajamos mucho no solamente desde el d\u00eda que asumimos, sino que es una necesidad desde siempre\u201d, tambi\u00e9n manifest\u00f3 la intendente Mariela Soto.<\/p>\n\n\n\n<p>\u201cTenemos 13 emprendimientos aprobados, m\u00e1s de 1000 lotes; el crecimiento en nuestro pueblo es inminente con este avance del agua potable, que era un anhelo hist\u00f3rico\u201d,&nbsp;agreg\u00f3 la intendente.<br>\u201cAgradecemos a nuestro gobernador Leandro Zdero por haber escuchado y trabajar en conjunto, como as\u00ed tambi\u00e9n al presidente Nicol\u00e1s Diez por intervenir r\u00e1pidamente en todas estas acciones; donde adem\u00e1s estamos trabajando en el proyecto inicial del agua, est\u00e1n incluidos los futuros emprendimientos que vienen y que tenemos en carpeta\u201d, finaliz\u00f3 la jefa comunal.<\/p>\n\n\n\n<p><em>M\u00faltiples voces<\/em><br>Los vecinos de Colonia Popular demuestran una felicidad enorme, por un anhelo hist\u00f3rico, pero que desde esta gesti\u00f3n provincial en poco tiempo contar\u00e1n con agua potable en sus domicilio. Al respecto, Manuel Ahuad, agradeci\u00f3 a Sameep y al gobernador Zdero por cumplir con todo esto. \u201cEstoy emocionado por tener agua potable, ya que sufrimos la falencia de no tenerla mucho tiempo y ahora es un beneficio para no sufrir&nbsp; m\u00e1s necesidades de faltante de agua\u201d.<br>Adem\u00e1s, Santiago Codutti, vecino nacido en 1933, celebr\u00f3 tener agua potable en poco tiempo, donde significar\u00e1 \u201ccomodidad, higiene y salud; yo soy nacido y criado en esta zona y es algo hist\u00f3rico.<br>Por \u00faltimo, Delfino L\u00f3pez agradeci\u00f3 tambi\u00e9n al gobernador Zdero, al Directorio de Sameep y a la intendente Mariela Soto por las gestiones realizadas; esto es un bien de Dios\u201d.<\/p>\n","protected":false},"excerpt":{"rendered":"<p>A paso firme, la empresa Sameep contin\u00faa avanzando con la instalaci\u00f3n de la red de agua potable en Colonia Popular. &#8220;Es una demanda hist\u00f3rica que esta gesti\u00f3n provincial, encabezada por el gobernador, Leandro Zdero se ocup\u00f3 y dio respuestas. Desde la empresa estamos trabajando firmemente para lograr este objetivo, que cambiar\u00e1 la calidad de vida [&hellip;]<\/p>\n","protected":false},"author":2,"featured_media":2608,"comment_status":"open","ping_status":"open","sticky":false,"template":"","format":"standard","meta":{"footnotes":""},"categories":[27],"tags":[],"class_list":{"0":"post-2607","1":"post","2":"type-post","3":"status-publish","4":"format-standard","5":"has-post-thumbnail","7":"category-interior"},"aioseo_notices":[],"_links":{"self":[{"href":"https:\/\/lalupa24.com.ar\/index.php\/wp-json\/wp\/v2\/posts\/2607","targetHints":{"allow":["GET"]}}],"collection":[{"href":"https:\/\/lalupa24.com.ar\/index.php\/wp-json\/wp\/v2\/posts"}],"about":[{"href":"https:\/\/lalupa24.com.ar\/index.php\/wp-json\/wp\/v2\/types\/post"}],"author":[{"embeddable":true,"href":"https:\/\/lalupa24.com.ar\/index.php\/wp-json\/wp\/v2\/users\/2"}],"replies":[{"embeddable":true,"href":"https:\/\/lalupa24.com.ar\/index.php\/wp-json\/wp\/v2\/comments?post=2607"}],"version-history":[{"count":1,"href":"https:\/\/lalupa24.com.ar\/index.php\/wp-json\/wp\/v2\/posts\/2607\/revisions"}],"predecessor-version":[{"id":2609,"href":"https:\/\/lalupa24.com.ar\/index.php\/wp-json\/wp\/v2\/posts\/2607\/revisions\/2609"}],"wp:featuredmedia":[{"embeddable":true,"href":"https:\/\/lalupa24.com.ar\/index.php\/wp-json\/wp\/v2\/media\/2608"}],"wp:attachment":[{"href":"https:\/\/lalupa24.com.ar\/index.php\/wp-json\/wp\/v2\/media?parent=2607"}],"wp:term":[{"taxonomy":"category","embeddable":true,"href":"https:\/\/lalupa24.com.ar\/index.php\/wp-json\/wp\/v2\/categories?post=2607"},{"taxonomy":"post_tag","embeddable":true,"href":"https:\/\/lalupa24.com.ar\/index.php\/wp-json\/wp\/v2\/tags?post=2607"}],"curies":[{"name":"wp","href":"https:\/\/api.w.org\/{rel}","templated":true}]}}