{"id":2622,"date":"2024-11-15T08:07:09","date_gmt":"2024-11-15T11:07:09","guid":{"rendered":"https:\/\/lalupa24.com.ar\/?p=2622"},"modified":"2024-11-19T08:08:19","modified_gmt":"2024-11-19T11:08:19","slug":"avanza-la-construccion-de-192-viviendas-en-saenz-pena","status":"publish","type":"post","link":"https:\/\/lalupa24.com.ar\/index.php\/2024\/11\/15\/avanza-la-construccion-de-192-viviendas-en-saenz-pena\/","title":{"rendered":"Avanza la construcci\u00f3n de 192 viviendas en S\u00e1enz Pe\u00f1a"},"content":{"rendered":"\n<p><\/p>\n\n\n\n<p><em>El barrio 192 Viviendas, ubicado en la ciudad de S\u00e1enz Pe\u00f1a, contin\u00faa avanzando hacia su finalizaci\u00f3n. En una reciente visita, el presidente del Instituto Provincial de Desarrollo Urbano y Vivienda (IPDUV), Fernando Berecoechea, destac\u00f3 el progreso de las obras y el proceso de licitaci\u00f3n para ejecutar la infraestructura complementaria.<\/em><\/p>\n\n\n\n<p>Durante el recorrido, Berecoechea estuvo acompa\u00f1ado por el vocal del IPDUV, Daniel Monti. Ambos funcionarios supervisaron las obras del programa \u201cCasa Propia\u201d, que busca ampliar el acceso a la vivienda en la provincia. \u201cHemos logrado, junto al gobierno provincial, reactivar los trabajos, y estamos muy satisfechos con los avances logrados\u201d, se\u00f1al\u00f3 Berecoechea.<\/p>\n\n\n\n<p>Adem\u00e1s, recientemente se realiz\u00f3 la apertura de sobres para la licitaci\u00f3n N.\u00ba 12\/2024, destinada a la construcci\u00f3n de la red vehicular y el sistema pluvial en el barrio. Esta obra requerir\u00e1 una inversi\u00f3n de $142.729.005 y tendr\u00e1 un plazo de ejecuci\u00f3n de doce meses.<\/p>\n","protected":false},"excerpt":{"rendered":"<p>El barrio 192 Viviendas, ubicado en la ciudad de S\u00e1enz Pe\u00f1a, contin\u00faa avanzando hacia su finalizaci\u00f3n. En una reciente visita, el presidente del Instituto Provincial de Desarrollo Urbano y Vivienda (IPDUV), Fernando Berecoechea, destac\u00f3 el progreso de las obras y el proceso de licitaci\u00f3n para ejecutar la infraestructura complementaria. Durante el recorrido, Berecoechea estuvo acompa\u00f1ado [&hellip;]<\/p>\n","protected":false},"author":2,"featured_media":2623,"comment_status":"open","ping_status":"open","sticky":false,"template":"","format":"standard","meta":{"footnotes":""},"categories":[27],"tags":[],"class_list":{"0":"post-2622","1":"post","2":"type-post","3":"status-publish","4":"format-standard","5":"has-post-thumbnail","7":"category-interior"},"aioseo_notices":[],"_links":{"self":[{"href":"https:\/\/lalupa24.com.ar\/index.php\/wp-json\/wp\/v2\/posts\/2622","targetHints":{"allow":["GET"]}}],"collection":[{"href":"https:\/\/lalupa24.com.ar\/index.php\/wp-json\/wp\/v2\/posts"}],"about":[{"href":"https:\/\/lalupa24.com.ar\/index.php\/wp-json\/wp\/v2\/types\/post"}],"author":[{"embeddable":true,"href":"https:\/\/lalupa24.com.ar\/index.php\/wp-json\/wp\/v2\/users\/2"}],"replies":[{"embeddable":true,"href":"https:\/\/lalupa24.com.ar\/index.php\/wp-json\/wp\/v2\/comments?post=2622"}],"version-history":[{"count":1,"href":"https:\/\/lalupa24.com.ar\/index.php\/wp-json\/wp\/v2\/posts\/2622\/revisions"}],"predecessor-version":[{"id":2624,"href":"https:\/\/lalupa24.com.ar\/index.php\/wp-json\/wp\/v2\/posts\/2622\/revisions\/2624"}],"wp:featuredmedia":[{"embeddable":true,"href":"https:\/\/lalupa24.com.ar\/index.php\/wp-json\/wp\/v2\/media\/2623"}],"wp:attachment":[{"href":"https:\/\/lalupa24.com.ar\/index.php\/wp-json\/wp\/v2\/media?parent=2622"}],"wp:term":[{"taxonomy":"category","embeddable":true,"href":"https:\/\/lalupa24.com.ar\/index.php\/wp-json\/wp\/v2\/categories?post=2622"},{"taxonomy":"post_tag","embeddable":true,"href":"https:\/\/lalupa24.com.ar\/index.php\/wp-json\/wp\/v2\/tags?post=2622"}],"curies":[{"name":"wp","href":"https:\/\/api.w.org\/{rel}","templated":true}]}}