{"id":2625,"date":"2024-11-16T08:09:21","date_gmt":"2024-11-16T11:09:21","guid":{"rendered":"https:\/\/lalupa24.com.ar\/?p=2625"},"modified":"2024-11-19T08:10:51","modified_gmt":"2024-11-19T11:10:51","slug":"zdero-inauguro-la-edicion-n50-de-la-fiesta-del-inmigrante-en-las-brenas","status":"publish","type":"post","link":"https:\/\/lalupa24.com.ar\/index.php\/2024\/11\/16\/zdero-inauguro-la-edicion-n50-de-la-fiesta-del-inmigrante-en-las-brenas\/","title":{"rendered":"Zdero inaugur\u00f3 la edici\u00f3n n\u202250 de la fiesta del inmigrante en las bre\u00f1as"},"content":{"rendered":"\n<p><\/p>\n\n\n\n<p><em>El gobernador, Leandro Zdero, inaugur\u00f3 anoche la edici\u00f3n N\u00b050 de la Fiesta Provincial del Inmigrante en la localidad de Las Bre\u00f1as. El evento se extender\u00e1 hasta el domingo 17 y contar\u00e1 con una amplia programaci\u00f3n como espect\u00e1culos, desfiles, recitales y dem\u00e1s.<\/em><\/p>\n\n\n\n<p>\u201cVenimos a ratificar el compromiso por nuestro sentido de pertenencia, he estado en varias oportunidades visitando esta fiesta, lo he hecho antes de ser Gobernador y vengo a ratificar el compromiso de acompa\u00f1ar a los bre\u00f1enses pero fundamentalmente al esfuerzo de los que han sostenido y sostienen esta fiesta por ta\u00f1os a\u00f1os pese a las dificultades\u201d, destac\u00f3 el mandatario chaque\u00f1o en su discurso.<br>En ese sentido, el Gobernador record\u00f3 a aquellos inmigrantes que llegaron para asentarse en tierras chaque\u00f1as y escribir nuevas historias. \u201cQuienes vinieron de Europa, de otros continentes o de otros pa\u00edses vinieron a fusionarse con los criollos y con originarios y eso es el Chaco, es ese crisol de razas que aqu\u00ed en Las Bre\u00f1as nos deja bien en alto\u201d, manifest\u00f3.<br>\u201cEs un orgullo estar en esta ciudad que cobija a tantos inmigrantes que vinieron y que tambi\u00e9n tiene el compromiso de sostener las costumbres, las historias e inclusive de sostener el idioma, y por supuesto sostener su gastronom\u00eda\u201d, valor\u00f3 el jefe del Ejecutivo provincial.<\/p>\n\n\n\n<p>Por esa l\u00ednea, explic\u00f3: \u201cCon el intendente Omar Machuca nos hab\u00edamos comprometido a gestionar fondos para el CFI (Consejo Federal de Inversiones) para poder realizar esta fiesta y as\u00ed lo hicimos. Estamos muy contentos porque vienen trabajando mucho para lograr esto y es una fiesta con un esplendor extraordinario\u201d.<br>Para finalizar, Zdero dej\u00f3 en claro su deseo de que cada chaque\u00f1o pueda visitar Las Bre\u00f1as y disfrutar de este evento. \u201cDeseo que cada chaque\u00f1o venga a conocer la Fiesta del Inmigrante, no tenemos nada que envidiar a otros lugares con las fiestas que tenemos aqu\u00ed. Quiero que los chaque\u00f1os, al conocer esto, defiendan lo que es la Fiesta del Inmigrante porque ac\u00e1 hay un pedacito de su historia\u201d.<\/p>\n\n\n\n<p><em>VICTOR OMAR MACHUCA: \u201cLA FIESTA REVALORIZA NUESTRA IDENTIDAD\u201d<\/em><br>El intendente de Las Bre\u00f1as, V\u00edctor Omar Machuca, mostr\u00f3 su satisfacci\u00f3n por la realizaci\u00f3n de la fiesta en su edici\u00f3n N\u00b050 y resalt\u00f3 la importancia cultural que genera en la localidad.<\/p>\n\n\n\n<p>\u201cEs una noche muy especial, la fiesta revaloriza nuestra identidad, nuestra idiosincrasia, nuestra cultura y nuestros valores que nos trasladaron nuestros antepasados que vinieron desde muy lejos a forjar esta tierra argentina, nuestro Chaco y principalmente en Las Bre\u00f1as\u201d, manifest\u00f3 el intendente local.<br>Para cerrar, Machuca cont\u00f3 como inici\u00f3 esta festividad: \u201cEste pu\u00f1ado de hombres y mujeres en 1974 pensaron en algo que pudiera perdurar en el tiempo, m\u00e1s all\u00e1 del esfuerzo y sacrificio que hac\u00edan, era el poder juntarse en una fiesta que pueda contener a cada una de las colectividades y es as\u00ed que iniciaron la festividad en el centro de la ciudad y a\u00f1os m\u00e1s tarde consiguieron este predio\u201d.<\/p>\n","protected":false},"excerpt":{"rendered":"<p>El gobernador, Leandro Zdero, inaugur\u00f3 anoche la edici\u00f3n N\u00b050 de la Fiesta Provincial del Inmigrante en la localidad de Las Bre\u00f1as. El evento se extender\u00e1 hasta el domingo 17 y contar\u00e1 con una amplia programaci\u00f3n como espect\u00e1culos, desfiles, recitales y dem\u00e1s. \u201cVenimos a ratificar el compromiso por nuestro sentido de pertenencia, he estado en varias [&hellip;]<\/p>\n","protected":false},"author":2,"featured_media":2626,"comment_status":"open","ping_status":"open","sticky":false,"template":"","format":"standard","meta":{"footnotes":""},"categories":[27],"tags":[],"class_list":{"0":"post-2625","1":"post","2":"type-post","3":"status-publish","4":"format-standard","5":"has-post-thumbnail","7":"category-interior"},"aioseo_notices":[],"_links":{"self":[{"href":"https:\/\/lalupa24.com.ar\/index.php\/wp-json\/wp\/v2\/posts\/2625","targetHints":{"allow":["GET"]}}],"collection":[{"href":"https:\/\/lalupa24.com.ar\/index.php\/wp-json\/wp\/v2\/posts"}],"about":[{"href":"https:\/\/lalupa24.com.ar\/index.php\/wp-json\/wp\/v2\/types\/post"}],"author":[{"embeddable":true,"href":"https:\/\/lalupa24.com.ar\/index.php\/wp-json\/wp\/v2\/users\/2"}],"replies":[{"embeddable":true,"href":"https:\/\/lalupa24.com.ar\/index.php\/wp-json\/wp\/v2\/comments?post=2625"}],"version-history":[{"count":1,"href":"https:\/\/lalupa24.com.ar\/index.php\/wp-json\/wp\/v2\/posts\/2625\/revisions"}],"predecessor-version":[{"id":2627,"href":"https:\/\/lalupa24.com.ar\/index.php\/wp-json\/wp\/v2\/posts\/2625\/revisions\/2627"}],"wp:featuredmedia":[{"embeddable":true,"href":"https:\/\/lalupa24.com.ar\/index.php\/wp-json\/wp\/v2\/media\/2626"}],"wp:attachment":[{"href":"https:\/\/lalupa24.com.ar\/index.php\/wp-json\/wp\/v2\/media?parent=2625"}],"wp:term":[{"taxonomy":"category","embeddable":true,"href":"https:\/\/lalupa24.com.ar\/index.php\/wp-json\/wp\/v2\/categories?post=2625"},{"taxonomy":"post_tag","embeddable":true,"href":"https:\/\/lalupa24.com.ar\/index.php\/wp-json\/wp\/v2\/tags?post=2625"}],"curies":[{"name":"wp","href":"https:\/\/api.w.org\/{rel}","templated":true}]}}