{"id":2637,"date":"2024-11-19T08:28:12","date_gmt":"2024-11-19T11:28:12","guid":{"rendered":"https:\/\/lalupa24.com.ar\/?p=2637"},"modified":"2024-11-19T08:28:13","modified_gmt":"2024-11-19T11:28:13","slug":"el-papa-francisco-pide-que-se-investiguen-las-acusaciones-de-genocidio-en-gaza","status":"publish","type":"post","link":"https:\/\/lalupa24.com.ar\/index.php\/2024\/11\/19\/el-papa-francisco-pide-que-se-investiguen-las-acusaciones-de-genocidio-en-gaza\/","title":{"rendered":"El papa Francisco pide que se investiguen las acusaciones de genocidio en Gaza"},"content":{"rendered":"\n<p>El papa Francisco dijo que las acusaciones de genocidio en Gaza deben ser \u201cinvestigadas cuidadosamente\u201d, en una de sus cr\u00edticas m\u00e1s fuertes hasta ahora sobre la guerra de Israel con Hamas.<\/p>\n\n\n\n<p>\u201cSeg\u00fan algunos expertos\u2026 lo que est\u00e1 sucediendo en Gaza tiene las caracter\u00edsticas de un genocidio\u201d, cit\u00f3 el sumo pont\u00edfice en un pr\u00f3ximo libro, seg\u00fan Vatican News, el medio oficial de la Santa Sede. \u201cDebe investigarse cuidadosamente para determinar si encaja en la definici\u00f3n t\u00e9cnica formulada por juristas y organismos internacionales\u201d.<\/p>\n\n\n\n<p>Hablando de los refugiados, el papa dijo: \u201cEstoy pensando sobre todo en aquellos que dejan Gaza en medio de la hambruna que ha golpeado a sus hermanos y hermanas palestinos, dada la dificultad de obtener alimentos y ayuda en su territorio\u201d,\u00a0seg\u00fan Vatican News.<\/p>\n\n\n\n<p>Con pocas excepciones, a la mayor\u00eda de los habitantes de Gaza se les ha impedido salir del territorio desde que comenz\u00f3 la guerra, pero casi toda la poblaci\u00f3n de m\u00e1s de 2 millones ha sido desplazada internamente.<\/p>\n\n\n\n<p>Los extractos son del libro \u201cLa esperanza nunca defrauda. Peregrinos hacia un mundo mejor\u201d, que se publicar\u00e1 el 19 de noviembre.<\/p>\n\n\n\n<p>Respondiendo al informe en Vatican News,\u00a0Yaron Sideman, embajador de Israel ante la Santa Sede, dijo que \u201chubo una masacre genocida el 7 de octubre de 2023 de ciudadanos israel\u00edes\u201d, refiri\u00e9ndose al ataque de Hamas a Israel que mat\u00f3 a 1.200 personas y vio a otras 250 tomadas como rehenes.<\/p>\n\n\n\n<p>\u201cDesde entonces, Israel ha ejercido su derecho a la autodefensa contra intentos desde siete frentes diferentes de matar a sus ciudadanos\u201d, escribi\u00f3 Sideman en X. \u201cCualquier intento de llamarlo de otra manera es se\u00f1alar al estado jud\u00edo\u201d.<\/p>\n\n\n\n<p>El papa Francisco, de 87 a\u00f1os, es el m\u00e1s reciente entre un n\u00famero creciente de figuras y organizaciones internacionales en referirse a la operaci\u00f3n militar de Israel en Gaza como un posible genocidio.<\/p>\n\n\n\n<p>Israel enfrenta un caso presentado por Sud\u00e1frica en la Corte Internacional de Justicia (CIJ) de la ONU en el que Pretoria acusa al estado jud\u00edo de genocidio, diciendo que el liderazgo israel\u00ed est\u00e1 \u201cdecidido a destruir a los palestinos en Gaza\u201d.<\/p>\n","protected":false},"excerpt":{"rendered":"<p>El papa Francisco dijo que las acusaciones de genocidio en Gaza deben ser \u201cinvestigadas cuidadosamente\u201d, en una de sus cr\u00edticas m\u00e1s fuertes hasta ahora sobre la guerra de Israel con Hamas. \u201cSeg\u00fan algunos expertos\u2026 lo que est\u00e1 sucediendo en Gaza tiene las caracter\u00edsticas de un genocidio\u201d, cit\u00f3 el sumo pont\u00edfice en un pr\u00f3ximo libro, seg\u00fan [&hellip;]<\/p>\n","protected":false},"author":2,"featured_media":2638,"comment_status":"open","ping_status":"open","sticky":false,"template":"","format":"standard","meta":{"footnotes":""},"categories":[25],"tags":[],"class_list":{"0":"post-2637","1":"post","2":"type-post","3":"status-publish","4":"format-standard","5":"has-post-thumbnail","7":"category-internacionales"},"aioseo_notices":[],"_links":{"self":[{"href":"https:\/\/lalupa24.com.ar\/index.php\/wp-json\/wp\/v2\/posts\/2637","targetHints":{"allow":["GET"]}}],"collection":[{"href":"https:\/\/lalupa24.com.ar\/index.php\/wp-json\/wp\/v2\/posts"}],"about":[{"href":"https:\/\/lalupa24.com.ar\/index.php\/wp-json\/wp\/v2\/types\/post"}],"author":[{"embeddable":true,"href":"https:\/\/lalupa24.com.ar\/index.php\/wp-json\/wp\/v2\/users\/2"}],"replies":[{"embeddable":true,"href":"https:\/\/lalupa24.com.ar\/index.php\/wp-json\/wp\/v2\/comments?post=2637"}],"version-history":[{"count":1,"href":"https:\/\/lalupa24.com.ar\/index.php\/wp-json\/wp\/v2\/posts\/2637\/revisions"}],"predecessor-version":[{"id":2639,"href":"https:\/\/lalupa24.com.ar\/index.php\/wp-json\/wp\/v2\/posts\/2637\/revisions\/2639"}],"wp:featuredmedia":[{"embeddable":true,"href":"https:\/\/lalupa24.com.ar\/index.php\/wp-json\/wp\/v2\/media\/2638"}],"wp:attachment":[{"href":"https:\/\/lalupa24.com.ar\/index.php\/wp-json\/wp\/v2\/media?parent=2637"}],"wp:term":[{"taxonomy":"category","embeddable":true,"href":"https:\/\/lalupa24.com.ar\/index.php\/wp-json\/wp\/v2\/categories?post=2637"},{"taxonomy":"post_tag","embeddable":true,"href":"https:\/\/lalupa24.com.ar\/index.php\/wp-json\/wp\/v2\/tags?post=2637"}],"curies":[{"name":"wp","href":"https:\/\/api.w.org\/{rel}","templated":true}]}}