{"id":2659,"date":"2024-11-19T09:07:20","date_gmt":"2024-11-19T12:07:20","guid":{"rendered":"https:\/\/lalupa24.com.ar\/?p=2659"},"modified":"2024-11-19T09:07:21","modified_gmt":"2024-11-19T12:07:21","slug":"firman-un-acuerdo-clave-para-vender-el-gas-de-vaca-muerta-al-corazon-industrial-de-san-pablo","status":"publish","type":"post","link":"https:\/\/lalupa24.com.ar\/index.php\/2024\/11\/19\/firman-un-acuerdo-clave-para-vender-el-gas-de-vaca-muerta-al-corazon-industrial-de-san-pablo\/","title":{"rendered":"Firman un acuerdo clave para vender el gas de Vaca Muerta al coraz\u00f3n industrial de San Pablo"},"content":{"rendered":"\n<p>El ministro Caputo firm\u00f3 el entendimiento con su par brasile\u00f1o Silveira, en la cumbre del G20 en Rio. Lula apela a la Argentina molesto con las energ\u00e9ticas que operan en Brasil. Reproche a Meloni por la italiana Enel.<\/p>\n\n\n\n<p>La firma del acuerdo entre Argentina y Brasil en el marco del G20 para comenzar a analizar alternativas posibles para la provisi\u00f3n de gas de Vaca Muerta al coraz\u00f3n industrial de San Pablo, gener\u00f3 un gran entusiasmo en la industria.&nbsp;<\/p>\n\n\n\n<p>Se trata de una de las pocas pol\u00edticas de Estado de la Argentina. El sue\u00f1o de ser el gran proveedor de gas del coraz\u00f3n industrial paulista -el polo fabril m\u00e1s grande de Latinoam\u00e9rica-, empez\u00f3 a tomar fuerza en la gesti\u00f3n anterior y la administraci\u00f3n de Milei lo continu\u00f3. Pero lo cierto es que todav\u00eda faltan pasos claves para que la mol\u00e9cula que se produce en la cuenca neuquina cruce la frontera.<\/p>\n\n\n\n<p>La noticia fue anunciada por el ministro de Energ\u00eda de Brasil, Alexandre Silveira, a trav\u00e9s de la red social X: &#8220;Gas m\u00e1s barato para Brasil&#8221;, remarc\u00f3 el ministro de Lula.<\/p>\n\n\n\n<p>El anuncio de Silveria fue le\u00eddo en R\u00edo de Janeiro como un mensaje interno a las empresas energ\u00e9ticas que operan en Brasil, muchas de las cuales estan en tensi\u00f3n con el gobierno de Lula. Una fuente que participa del G20 dijo que &#8220;en la bilateral que Lula tuvo con Giorgia Meloni le recrimin\u00f3 la falta de inversiones de Enel. Lula est\u00e1 muy enojado con la falta de inversi\u00f3n de las empresas del sector&#8221;.<\/p>\n\n\n\n<p>Del lado argentino, la comunicaci\u00f3n fue ajustada. El Ministerio de Econom\u00eda\u00a0 comunic\u00f3 que &#8220;se firm\u00f3 un memor\u00e1ndum de entendimiento<strong>\u00a0<\/strong>con el objetivo de discutir la infraestructura necesaria para la exportaci\u00f3n de gas argentino desde Vaca Muerta a Brasil. Los representantes designados por ambos pa\u00edses analizar\u00e1n las alternativas para llegar a una exportaci\u00f3n de 30 millones de metros c\u00fabicos diarios (m3\/d) de gas natural en cinco a\u00f1os&#8221;, difundi\u00f3 el Palacio de Hacienda.\u00a0<\/p>\n","protected":false},"excerpt":{"rendered":"<p>El ministro Caputo firm\u00f3 el entendimiento con su par brasile\u00f1o Silveira, en la cumbre del G20 en Rio. Lula apela a la Argentina molesto con las energ\u00e9ticas que operan en Brasil. Reproche a Meloni por la italiana Enel. La firma del acuerdo entre Argentina y Brasil en el marco del G20 para comenzar a analizar [&hellip;]<\/p>\n","protected":false},"author":2,"featured_media":2660,"comment_status":"open","ping_status":"open","sticky":false,"template":"","format":"standard","meta":{"footnotes":""},"categories":[26],"tags":[],"class_list":{"0":"post-2659","1":"post","2":"type-post","3":"status-publish","4":"format-standard","5":"has-post-thumbnail","7":"category-nacionales"},"aioseo_notices":[],"_links":{"self":[{"href":"https:\/\/lalupa24.com.ar\/index.php\/wp-json\/wp\/v2\/posts\/2659","targetHints":{"allow":["GET"]}}],"collection":[{"href":"https:\/\/lalupa24.com.ar\/index.php\/wp-json\/wp\/v2\/posts"}],"about":[{"href":"https:\/\/lalupa24.com.ar\/index.php\/wp-json\/wp\/v2\/types\/post"}],"author":[{"embeddable":true,"href":"https:\/\/lalupa24.com.ar\/index.php\/wp-json\/wp\/v2\/users\/2"}],"replies":[{"embeddable":true,"href":"https:\/\/lalupa24.com.ar\/index.php\/wp-json\/wp\/v2\/comments?post=2659"}],"version-history":[{"count":1,"href":"https:\/\/lalupa24.com.ar\/index.php\/wp-json\/wp\/v2\/posts\/2659\/revisions"}],"predecessor-version":[{"id":2661,"href":"https:\/\/lalupa24.com.ar\/index.php\/wp-json\/wp\/v2\/posts\/2659\/revisions\/2661"}],"wp:featuredmedia":[{"embeddable":true,"href":"https:\/\/lalupa24.com.ar\/index.php\/wp-json\/wp\/v2\/media\/2660"}],"wp:attachment":[{"href":"https:\/\/lalupa24.com.ar\/index.php\/wp-json\/wp\/v2\/media?parent=2659"}],"wp:term":[{"taxonomy":"category","embeddable":true,"href":"https:\/\/lalupa24.com.ar\/index.php\/wp-json\/wp\/v2\/categories?post=2659"},{"taxonomy":"post_tag","embeddable":true,"href":"https:\/\/lalupa24.com.ar\/index.php\/wp-json\/wp\/v2\/tags?post=2659"}],"curies":[{"name":"wp","href":"https:\/\/api.w.org\/{rel}","templated":true}]}}