{"id":2662,"date":"2024-11-19T09:11:48","date_gmt":"2024-11-19T12:11:48","guid":{"rendered":"https:\/\/lalupa24.com.ar\/?p=2662"},"modified":"2024-11-19T09:11:50","modified_gmt":"2024-11-19T12:11:50","slug":"milei-adhirio-al-documento-de-lula-pero-aclara-que-rechaza-la-agenda-2030","status":"publish","type":"post","link":"https:\/\/lalupa24.com.ar\/index.php\/2024\/11\/19\/milei-adhirio-al-documento-de-lula-pero-aclara-que-rechaza-la-agenda-2030\/","title":{"rendered":"Milei adhiri\u00f3 al documento de Lula pero aclara que rechaza la Agenda 2030"},"content":{"rendered":"\n<p>Milei quiere alinearse en una declaraci\u00f3n del G7 contra Putin, pero hace equilibrio con la postura de Trump cercana a Rusia.<\/p>\n\n\n\n<p>La guerra de Ucrania asoma como un dilema para Javier Milei ma\u00f1ana martes cuando los jefes de estado reunidos en el G20 busquen emitir una declaraci\u00f3n conjunta.&nbsp;<\/p>\n\n\n\n<p>Por un lado, seg\u00fan pudo conocer LPO, los jefes del G7, a trav\u00e9s de Emmanuel Macron, le piden al presidente que acompa\u00f1e una condena a Rusia por su ataque del s\u00e1bado en la noche a Ucrania. Pero el otro, Milei quiere alinear su pol\u00edtica exterior con la Casa Blanca de Donald Trump, que tiene una l\u00ednea inicial de no chocar con Rusia.<\/p>\n\n\n\n<p>La clave para una salida por el medio podr\u00eda estar en lo que hizo el mandatario este lunes con la declaraci\u00f3n sobre pobreza y el documento final que emitieron los participantes del foro: Milei acompa\u00f1\u00f3 el texto de Lula Da Silva pero con reservas, una suerte de notas al pie de p\u00e1gina.<\/p>\n\n\n\n<p>En ese marco, el Gobierno suscribe la declaraci\u00f3n del G20 pero dice que las pol\u00edticas que se pretenden impulsar son obsoletas, limitan la libertad y, fundamentalmente, asignan un rol demasiado fuerte a los estados en la misi\u00f3n de abolir la pobreza.<\/p>\n\n\n\n<p>&#8220;Por primera vez desde que es parte, el Gobierno Nacional firm\u00f3 la declaraci\u00f3n de presidentes disoci\u00e1ndose parcialmente de todo el contenido vinculado a la Agenda 2030, sostiene un comunicado oficial que se envi\u00f3 desde la Casa Rosada a Rio de Janeiro. &nbsp;<\/p>\n\n\n\n<p>&#8220;Los organismos y foros internacionales como el G-20, se crearon con el esp\u00edritu de que todas las naciones involucradas pudieran reunirse para cooperar de forma voluntaria, en calidad de iguales y aut\u00f3nomas, para, entre otras cosas, salvaguardar los derechos b\u00e1sicos de las personas. Sin embargo, hoy, a casi 70 a\u00f1os de haberse inaugurado este sistema de cooperaci\u00f3n internacional, lleg\u00f3 la hora de reconocer que este modelo est\u00e1 en crisis, porque desde hace tiempo que est\u00e1 en falta con su prop\u00f3sito original&#8221;, contin\u00faa el texto.<\/p>\n\n\n\n<p>&#8220;El Presidente Javier Milei ha dejado en claro en su participaci\u00f3n del G-20 que noacompa\u00f1a varios puntos de la declaraci\u00f3n, entre ellos; la promoci\u00f3n de la limitaci\u00f3n de la libertad de expresi\u00f3n en redes sociales, el esquema de imposici\u00f3n y vulneraci\u00f3n de la soberan\u00eda de las instituciones de gobernanza global, el trato desigual ante la ley y especialmente, la noci\u00f3n de que una mayor intervenci\u00f3n estatal es la forma de luchar contra el hambre&#8221;, detalla.\u00a0<\/p>\n","protected":false},"excerpt":{"rendered":"<p>Milei quiere alinearse en una declaraci\u00f3n del G7 contra Putin, pero hace equilibrio con la postura de Trump cercana a Rusia. La guerra de Ucrania asoma como un dilema para Javier Milei ma\u00f1ana martes cuando los jefes de estado reunidos en el G20 busquen emitir una declaraci\u00f3n conjunta.&nbsp; Por un lado, seg\u00fan pudo conocer LPO, [&hellip;]<\/p>\n","protected":false},"author":2,"featured_media":2663,"comment_status":"open","ping_status":"open","sticky":false,"template":"","format":"standard","meta":{"footnotes":""},"categories":[26],"tags":[],"class_list":{"0":"post-2662","1":"post","2":"type-post","3":"status-publish","4":"format-standard","5":"has-post-thumbnail","7":"category-nacionales"},"aioseo_notices":[],"_links":{"self":[{"href":"https:\/\/lalupa24.com.ar\/index.php\/wp-json\/wp\/v2\/posts\/2662","targetHints":{"allow":["GET"]}}],"collection":[{"href":"https:\/\/lalupa24.com.ar\/index.php\/wp-json\/wp\/v2\/posts"}],"about":[{"href":"https:\/\/lalupa24.com.ar\/index.php\/wp-json\/wp\/v2\/types\/post"}],"author":[{"embeddable":true,"href":"https:\/\/lalupa24.com.ar\/index.php\/wp-json\/wp\/v2\/users\/2"}],"replies":[{"embeddable":true,"href":"https:\/\/lalupa24.com.ar\/index.php\/wp-json\/wp\/v2\/comments?post=2662"}],"version-history":[{"count":1,"href":"https:\/\/lalupa24.com.ar\/index.php\/wp-json\/wp\/v2\/posts\/2662\/revisions"}],"predecessor-version":[{"id":2664,"href":"https:\/\/lalupa24.com.ar\/index.php\/wp-json\/wp\/v2\/posts\/2662\/revisions\/2664"}],"wp:featuredmedia":[{"embeddable":true,"href":"https:\/\/lalupa24.com.ar\/index.php\/wp-json\/wp\/v2\/media\/2663"}],"wp:attachment":[{"href":"https:\/\/lalupa24.com.ar\/index.php\/wp-json\/wp\/v2\/media?parent=2662"}],"wp:term":[{"taxonomy":"category","embeddable":true,"href":"https:\/\/lalupa24.com.ar\/index.php\/wp-json\/wp\/v2\/categories?post=2662"},{"taxonomy":"post_tag","embeddable":true,"href":"https:\/\/lalupa24.com.ar\/index.php\/wp-json\/wp\/v2\/tags?post=2662"}],"curies":[{"name":"wp","href":"https:\/\/api.w.org\/{rel}","templated":true}]}}