{"id":2668,"date":"2024-11-19T09:16:44","date_gmt":"2024-11-19T12:16:44","guid":{"rendered":"https:\/\/lalupa24.com.ar\/?p=2668"},"modified":"2024-11-19T09:16:46","modified_gmt":"2024-11-19T12:16:46","slug":"cristina-no-me-digan-que-milei-se-parece-a-trump-el-de-aca-es-un-koala","status":"publish","type":"post","link":"https:\/\/lalupa24.com.ar\/index.php\/2024\/11\/19\/cristina-no-me-digan-que-milei-se-parece-a-trump-el-de-aca-es-un-koala\/","title":{"rendered":"Cristina: &#8220;No me digan que Milei se parece a Trump, el de ac\u00e1 es un koala&#8221;"},"content":{"rendered":"\n<p>La ex presidenta encabez\u00f3 un acto en Santiago del Estero y volvi\u00f3 a polarizar con el libertario.<\/p>\n\n\n\n<p><br>&nbsp;Cristina Kirchner volvi\u00f3 a polarizar con Javier Milei desde Santiago del Estero, adonde viaj\u00f3 para estrenar la presidencia del PJ en un acto por el D\u00eda de la Militancia.<\/p>\n\n\n\n<p>A ver, si alguno se cree que el presidente electo de Estados Unidos se parece a este. Por favor. Este aparece como un koala montado ah\u00ed, arriba, payasesco, humillante&#8221;, dijo sobre la foto de Milei en la mansi\u00f3n de Trump. &#8220;Los argentinos no nos merecemos estas humillaciones, merecemos cosas mejores&#8221;, dijo Cristina.<\/p>\n\n\n\n<p>&#8220;En lugar de sacarte fotos con Elon Musk, por qu\u00e9 no prob\u00e1s con que cada pibe de secundaria tenga una computadora&#8221;, lo chicane\u00f3.<\/p>\n\n\n\n<p>Por otro lado, Cristina se refiri\u00f3 al fall\u00f3 de Casaci\u00f3n que confirm\u00f3 su condena de seis a\u00f1os por la causa Vialidad. &#8220;Estoy dispuesta a pagar el castigo que me quieren imponer, no me van a hacer arrepentir de nada&#8221;, dijo.<\/p>\n\n\n\n<p>Cristina fue recibida por el gobernador Gerardo Zamora, que la semana pasada le aport\u00f3 los&nbsp;<a href=\"https:\/\/www.lapoliticaonline.com\/politica\/zamora-se-alineo-con-la-casa-rosada-dos-dias-antes-de-la-visita-de-cristina-a-su-provincia\/\" target=\"_blank\" rel=\"noreferrer noopener\">votos claves<\/a>&nbsp;a Milei para que se cayera la sesi\u00f3n en la que los diputados iban a voltear el DNU de canje de deuda.<\/p>\n\n\n\n<p>La visita de la ex presidenta a Santiago exhibi\u00f3 la interna del peronismo tucumano. Juan Manzur viaj\u00f3 para respaldarla pero no lo hicieron Osvaldo Jaldo, que apoya a Milei, ni la intendenta de San Miguel, Rosanna Chahla.<\/p>\n","protected":false},"excerpt":{"rendered":"<p>La ex presidenta encabez\u00f3 un acto en Santiago del Estero y volvi\u00f3 a polarizar con el libertario. &nbsp;Cristina Kirchner volvi\u00f3 a polarizar con Javier Milei desde Santiago del Estero, adonde viaj\u00f3 para estrenar la presidencia del PJ en un acto por el D\u00eda de la Militancia. A ver, si alguno se cree que el presidente [&hellip;]<\/p>\n","protected":false},"author":2,"featured_media":2669,"comment_status":"open","ping_status":"open","sticky":false,"template":"","format":"standard","meta":{"footnotes":""},"categories":[26],"tags":[],"class_list":{"0":"post-2668","1":"post","2":"type-post","3":"status-publish","4":"format-standard","5":"has-post-thumbnail","7":"category-nacionales"},"aioseo_notices":[],"_links":{"self":[{"href":"https:\/\/lalupa24.com.ar\/index.php\/wp-json\/wp\/v2\/posts\/2668","targetHints":{"allow":["GET"]}}],"collection":[{"href":"https:\/\/lalupa24.com.ar\/index.php\/wp-json\/wp\/v2\/posts"}],"about":[{"href":"https:\/\/lalupa24.com.ar\/index.php\/wp-json\/wp\/v2\/types\/post"}],"author":[{"embeddable":true,"href":"https:\/\/lalupa24.com.ar\/index.php\/wp-json\/wp\/v2\/users\/2"}],"replies":[{"embeddable":true,"href":"https:\/\/lalupa24.com.ar\/index.php\/wp-json\/wp\/v2\/comments?post=2668"}],"version-history":[{"count":1,"href":"https:\/\/lalupa24.com.ar\/index.php\/wp-json\/wp\/v2\/posts\/2668\/revisions"}],"predecessor-version":[{"id":2670,"href":"https:\/\/lalupa24.com.ar\/index.php\/wp-json\/wp\/v2\/posts\/2668\/revisions\/2670"}],"wp:featuredmedia":[{"embeddable":true,"href":"https:\/\/lalupa24.com.ar\/index.php\/wp-json\/wp\/v2\/media\/2669"}],"wp:attachment":[{"href":"https:\/\/lalupa24.com.ar\/index.php\/wp-json\/wp\/v2\/media?parent=2668"}],"wp:term":[{"taxonomy":"category","embeddable":true,"href":"https:\/\/lalupa24.com.ar\/index.php\/wp-json\/wp\/v2\/categories?post=2668"},{"taxonomy":"post_tag","embeddable":true,"href":"https:\/\/lalupa24.com.ar\/index.php\/wp-json\/wp\/v2\/tags?post=2668"}],"curies":[{"name":"wp","href":"https:\/\/api.w.org\/{rel}","templated":true}]}}