{"id":2674,"date":"2024-11-19T09:22:18","date_gmt":"2024-11-19T12:22:18","guid":{"rendered":"https:\/\/lalupa24.com.ar\/?p=2674"},"modified":"2024-11-19T09:22:19","modified_gmt":"2024-11-19T12:22:19","slug":"rafecas-ordeno-la-detencion-de-61-bolsonaristas-profugos-y-complica-a-milei","status":"publish","type":"post","link":"https:\/\/lalupa24.com.ar\/index.php\/2024\/11\/19\/rafecas-ordeno-la-detencion-de-61-bolsonaristas-profugos-y-complica-a-milei\/","title":{"rendered":"Rafecas orden\u00f3 la detenci\u00f3n de 61 bolsonaristas pr\u00f3fugos y complica a Milei"},"content":{"rendered":"\n<p>Hasta ahora solo dos fueron detenidos. Bolsonaro presiona para que Milei los proteja.<\/p>\n\n\n\n<p>El juez federal Daniel Rafecas orden\u00f3 la aprehensi\u00f3n contra 61 bolsonaristas que se encontraban pr\u00f3fugos y condenados por participar el intento de golpe de estado del 8 de enero de 2023.&nbsp;<\/p>\n\n\n\n<p>En junio, el Ministerio de Relaciones Exteriores de Brasil hab\u00eda recibido una lista con m\u00e1s de 180 nombres de pr\u00f3fugos en Argentina y otros pa\u00edses, como Paraguay y Uruguay.&nbsp;<\/p>\n\n\n\n<p>La&nbsp;&nbsp;Polic\u00eda Federal dijo entonces que los acusados de participar en los ataques a la sede de los Tres Poderes ingresaron a la Argentina y solicitaron refugio en el pa\u00eds. La fuga fue una forma de eludir las \u00f3rdenes de detenci\u00f3n emitidas por el Supremo Tribunal Federal (STF) contra los investigados. Desde entonces, piden asilo pol\u00edtico en el pa\u00eds con el apoyo de Jair Bolsonaro, en la idea que su extrema cercan\u00eda pol\u00edtica al presidente Milei los ayude.<\/p>\n\n\n\n<p>La Corte de Brasil ordena la extradici\u00f3n de los pr\u00f3fugos bolsonaristas y agrega presi\u00f3n sobre Milei\u00a0La decisi\u00f3n de Rafecas pone en tensi\u00f3n a Milei a horas de compartir con Lula la cumbre del G20 en R\u00edo. Milei y Karina tienen una estrech\u00edsima relaci\u00f3n personal y pol\u00edtica con Bolsonaro y sus hijos como parte de su esquema de relaciones de ultraderecha en la regi\u00f3n. Incluso han compartido estratega digital: Fernando Cerimedo, due\u00f1o de la Derecha Diario, trabaj\u00f3 en las campa\u00f1as de ambos y\u00a0tambi\u00e9n enfrenta una investigaci\u00f3n penal\u00a0de la Corte Suprema de Brasil por impulsar fake news destinadas a socavar el orden constitucional.\u00a0<\/p>\n\n\n\n<p>Hasta el momento, el gobierno de Milei evit\u00f3 involucrarse de lleno en la causa de los bolsonaristas pr\u00f3fugos en el pa\u00eds e incluso la ex canciller Diana Mondino nunca quiso reunirse reunirse con uno de los abogados de los pr\u00f3fugos, tal como\u00a0adelant\u00f3\u00a0<\/p>\n\n\n\n<p>En junio de este a\u00f1o, Manuel Adorni, afirm\u00f3 que no hab\u00eda &#8220;pactos de impunidad&#8221; y que el pa\u00eds respetar\u00eda las decisiones del Poder Judicial brasile\u00f1o &#8220;como respetamos toda decisi\u00f3n judicial&#8221;.&nbsp;<\/p>\n\n\n\n<p><\/p>\n\n\n\n<p><\/p>\n","protected":false},"excerpt":{"rendered":"<p>Hasta ahora solo dos fueron detenidos. Bolsonaro presiona para que Milei los proteja. El juez federal Daniel Rafecas orden\u00f3 la aprehensi\u00f3n contra 61 bolsonaristas que se encontraban pr\u00f3fugos y condenados por participar el intento de golpe de estado del 8 de enero de 2023.&nbsp; En junio, el Ministerio de Relaciones Exteriores de Brasil hab\u00eda recibido [&hellip;]<\/p>\n","protected":false},"author":2,"featured_media":2676,"comment_status":"open","ping_status":"open","sticky":false,"template":"","format":"standard","meta":{"footnotes":""},"categories":[26],"tags":[],"class_list":{"0":"post-2674","1":"post","2":"type-post","3":"status-publish","4":"format-standard","5":"has-post-thumbnail","7":"category-nacionales"},"aioseo_notices":[],"_links":{"self":[{"href":"https:\/\/lalupa24.com.ar\/index.php\/wp-json\/wp\/v2\/posts\/2674","targetHints":{"allow":["GET"]}}],"collection":[{"href":"https:\/\/lalupa24.com.ar\/index.php\/wp-json\/wp\/v2\/posts"}],"about":[{"href":"https:\/\/lalupa24.com.ar\/index.php\/wp-json\/wp\/v2\/types\/post"}],"author":[{"embeddable":true,"href":"https:\/\/lalupa24.com.ar\/index.php\/wp-json\/wp\/v2\/users\/2"}],"replies":[{"embeddable":true,"href":"https:\/\/lalupa24.com.ar\/index.php\/wp-json\/wp\/v2\/comments?post=2674"}],"version-history":[{"count":1,"href":"https:\/\/lalupa24.com.ar\/index.php\/wp-json\/wp\/v2\/posts\/2674\/revisions"}],"predecessor-version":[{"id":2677,"href":"https:\/\/lalupa24.com.ar\/index.php\/wp-json\/wp\/v2\/posts\/2674\/revisions\/2677"}],"wp:featuredmedia":[{"embeddable":true,"href":"https:\/\/lalupa24.com.ar\/index.php\/wp-json\/wp\/v2\/media\/2676"}],"wp:attachment":[{"href":"https:\/\/lalupa24.com.ar\/index.php\/wp-json\/wp\/v2\/media?parent=2674"}],"wp:term":[{"taxonomy":"category","embeddable":true,"href":"https:\/\/lalupa24.com.ar\/index.php\/wp-json\/wp\/v2\/categories?post=2674"},{"taxonomy":"post_tag","embeddable":true,"href":"https:\/\/lalupa24.com.ar\/index.php\/wp-json\/wp\/v2\/tags?post=2674"}],"curies":[{"name":"wp","href":"https:\/\/api.w.org\/{rel}","templated":true}]}}