{"id":2691,"date":"2024-11-20T09:10:00","date_gmt":"2024-11-20T12:10:00","guid":{"rendered":"https:\/\/lalupa24.com.ar\/?p=2691"},"modified":"2024-11-20T08:54:32","modified_gmt":"2024-11-20T11:54:32","slug":"la-vicegobernadora-encabezo-el-taller-de-concientizacion-y-prevencion-de-la-violencia-contra-la-mujer","status":"publish","type":"post","link":"https:\/\/lalupa24.com.ar\/index.php\/2024\/11\/20\/la-vicegobernadora-encabezo-el-taller-de-concientizacion-y-prevencion-de-la-violencia-contra-la-mujer\/","title":{"rendered":"La vicegobernadora encabez\u00f3 el taller de concientizaci\u00f3n y prevenci\u00f3n de la violencia contra la mujer"},"content":{"rendered":"\n<p><\/p>\n\n\n\n<p><em>La iniciativa, que se desarroll\u00f3 en el Sal\u00f3n Obligado el d\u00eda de ayer, forma parte de la agenda por el 25 de Noviembre &#8220;D\u00eda Internacional de la Eliminaci\u00f3n de la Violencia contra la Mujer&#8221;. Personal policial especializado instruy\u00f3 y capacit\u00f3 en el procedimiento policial judicial espec\u00edfico con las fiscal\u00edas.<\/em><\/p>\n\n\n\n<p>La vicegobernadora Silvana Schneider encabez\u00f3, este martes, en el Sal\u00f3n Obligado de Casa de Gobierno, el inicio al taller de concientizaci\u00f3n y prevenci\u00f3n de la violencia contra la mujer, a alumnos de la escuela de Polic\u00eda, del Servicio Penitenciario Provincial y personal policial con destino a unidades de ayuda, asistencia y contenci\u00f3n de v\u00edctimas de violencia de g\u00e9nero. Bajo el lema &#8220;No Est\u00e1s Sola&#8221;, la iniciativa form\u00f3 parte de la agenda por el 25 de Noviembre, &#8220;D\u00eda Internacional de la Eliminaci\u00f3n de la Violencia contra la Mujer&#8221;.<br>\u201cEn el marco de este mes violeta el Ministerio de Seguridad se encuentra llevando a cabo distintos talleres sobre la concientizaci\u00f3n y prevenci\u00f3n de esta problem\u00e1tica que nos preocupa y nos ocupa y dar a conocer las herramientas con las que contamos frente a estas situaciones: esta es una muestra m\u00e1s de un gobierno presente y que se ocupa de las necesidades de los sectores m\u00e1s vulnerables\u201d, indic\u00f3 Schenider.<br>La mandataria provincial asegur\u00f3 que el gobierno fortalece los mecanismos para garantizar la seguridad de todas aquellas mujeres que han atravesado o atraviesan situaciones de violencia de g\u00e9nero. &#8220;Nuestro objetivo es erradicar definitivamente cualquier manifestaci\u00f3n de violencia, por eso urge que tomemos conciencia de la gravedad de esta situaci\u00f3n y concentremos nuestros esfuerzos en la defensa de las v\u00edctimas y todos y cada uno de los derechos de las mujeres, en este caso\u201d, finaliz\u00f3.<br><em>Por su parte, el ministro de Seguridad Hugo Matkovich<\/em> indic\u00f3 que la defensa y la tutela de las personas, con mirada especial hacia la mujer, es una pol\u00edtica de Estado definida por el gobernador Leandro Zdero y la vicegobernadora. &#8220;La erradicaci\u00f3n de la violencia hacia las mujeres constituye una tarea primordial, tenemos que resaltar la voluntad pol\u00edtica de valorizar y acompa\u00f1ar la tarea de la polic\u00eda en la protecci\u00f3n de todas las mujeres\u201d, sostuvo.<br>El taller es una iniciativa del Departamento de Violencia Familiar y G\u00e9nero de la Polic\u00eda del Chaco con la autorizaci\u00f3n del Ministro de Seguridad. Personal policial especializado en la tem\u00e1tica instruy\u00f3 y capacit\u00f3 en el procedimiento policial judicial espec\u00edfico con las fiscal\u00edas.<br>\u201cTenemos una divisi\u00f3n por cada ciudad cabecera, que se encarga de esta problem\u00e1tica con personal capacitado. Ante un caso de violencia de g\u00e9nero, se articula con violencia de g\u00e9nero y con la comisar\u00eda jurisdiccional, conforme directivas de las fiscal\u00edas especializadas en la detenci\u00f3n del victimario, en la contenci\u00f3n y las dem\u00e1s cuestiones que indica la justicia\u201d, explic\u00f3 el jefe de la Polic\u00eda del Chaco Fernando Romero.<br>En esa l\u00ednea detall\u00f3 que la Polic\u00eda del Chaco recibe la denuncia en cualquier dependencia policial y autom\u00e1ticamente se le corre vista al Departamento de Violencia de G\u00e9nero o a la Divisi\u00f3n del Interior para articular con la Justicia la contenci\u00f3n que necesita la v\u00edctima. \u201cTenemos muchos casos por d\u00eda, de los cuales toman estado p\u00fablico algunos muy particulares solamente, pero es constante la radicaci\u00f3n de denuncias, de escritos, ha crecido much\u00edsimo en comisar\u00edas y obviamente en las divisiones de violencia de g\u00e9nero&#8221;, finaliz\u00f3.<\/p>\n","protected":false},"excerpt":{"rendered":"<p>La iniciativa, que se desarroll\u00f3 en el Sal\u00f3n Obligado el d\u00eda de ayer, forma parte de la agenda por el 25 de Noviembre &#8220;D\u00eda Internacional de la Eliminaci\u00f3n de la Violencia contra la Mujer&#8221;. Personal policial especializado instruy\u00f3 y capacit\u00f3 en el procedimiento policial judicial espec\u00edfico con las fiscal\u00edas. La vicegobernadora Silvana Schneider encabez\u00f3, este [&hellip;]<\/p>\n","protected":false},"author":2,"featured_media":2692,"comment_status":"open","ping_status":"open","sticky":false,"template":"","format":"standard","meta":{"footnotes":""},"categories":[1],"tags":[],"class_list":{"0":"post-2691","1":"post","2":"type-post","3":"status-publish","4":"format-standard","5":"has-post-thumbnail","7":"category-blog"},"aioseo_notices":[],"_links":{"self":[{"href":"https:\/\/lalupa24.com.ar\/index.php\/wp-json\/wp\/v2\/posts\/2691","targetHints":{"allow":["GET"]}}],"collection":[{"href":"https:\/\/lalupa24.com.ar\/index.php\/wp-json\/wp\/v2\/posts"}],"about":[{"href":"https:\/\/lalupa24.com.ar\/index.php\/wp-json\/wp\/v2\/types\/post"}],"author":[{"embeddable":true,"href":"https:\/\/lalupa24.com.ar\/index.php\/wp-json\/wp\/v2\/users\/2"}],"replies":[{"embeddable":true,"href":"https:\/\/lalupa24.com.ar\/index.php\/wp-json\/wp\/v2\/comments?post=2691"}],"version-history":[{"count":1,"href":"https:\/\/lalupa24.com.ar\/index.php\/wp-json\/wp\/v2\/posts\/2691\/revisions"}],"predecessor-version":[{"id":2693,"href":"https:\/\/lalupa24.com.ar\/index.php\/wp-json\/wp\/v2\/posts\/2691\/revisions\/2693"}],"wp:featuredmedia":[{"embeddable":true,"href":"https:\/\/lalupa24.com.ar\/index.php\/wp-json\/wp\/v2\/media\/2692"}],"wp:attachment":[{"href":"https:\/\/lalupa24.com.ar\/index.php\/wp-json\/wp\/v2\/media?parent=2691"}],"wp:term":[{"taxonomy":"category","embeddable":true,"href":"https:\/\/lalupa24.com.ar\/index.php\/wp-json\/wp\/v2\/categories?post=2691"},{"taxonomy":"post_tag","embeddable":true,"href":"https:\/\/lalupa24.com.ar\/index.php\/wp-json\/wp\/v2\/tags?post=2691"}],"curies":[{"name":"wp","href":"https:\/\/api.w.org\/{rel}","templated":true}]}}