{"id":2711,"date":"2024-11-22T09:54:24","date_gmt":"2024-11-22T12:54:24","guid":{"rendered":"https:\/\/lalupa24.com.ar\/?p=2711"},"modified":"2024-11-22T09:54:26","modified_gmt":"2024-11-22T12:54:26","slug":"la-policia-federal-de-brasil-acuso-a-cerimedo-de-tres-delitos-graves","status":"publish","type":"post","link":"https:\/\/lalupa24.com.ar\/index.php\/2024\/11\/22\/la-policia-federal-de-brasil-acuso-a-cerimedo-de-tres-delitos-graves\/","title":{"rendered":"La Polic\u00eda Federal de Brasil acus\u00f3 a Cerimedo de tres delitos graves"},"content":{"rendered":"\n<p>El estratega digital de Milei forma parte de una lista de 37 acusados por intento de golpe de Estado contra Lula, que tambi\u00e9n integra Jair Bolsonaro. Los delitos preven penas de hasta 30 a\u00f1os de prisi\u00f3n.<\/p>\n\n\n\n<p>La Polic\u00eda Federal de Brasil concluy\u00f3 la investigaci\u00f3n contra los acusados de organizar un intento de golpe de Estado tras el triunfo de Lula, que incluy\u00f3&nbsp;la planificaci\u00f3n de su asesinato. La investigaci\u00f3n policial determin\u00f3 que existe suficiente evidencia para abrir un proceso judicial contra 37 implicados en la trama, entre los que aparece Fernando Cerimedo, due\u00f1o de La Derecha Diario y estratega digital de Milei.<\/p>\n\n\n\n<p>El pedido de acusaci\u00f3n de la Polic\u00eda Federal a los fiscales federales que investigan el caso incluye a Jair Bolsonaro, el \u00fanico presidente de la historia brasile\u00f1a acusado de golpista.&nbsp;Los delitos por los que est\u00e1n acusados son intento de abolici\u00f3n violenta del estado democr\u00e1tico de derecho, golpe de estado y organizaci\u00f3n criminal, que contemplan penas que pueden llegar a los 30 a\u00f1os de prisi\u00f3n efectiva.&nbsp;<\/p>\n\n\n\n<p>La decisi\u00f3n de la Polic\u00eda Federal, contenida en un documento de 884 p\u00e1ginas que fue remitido a la Corte Suprema, monopoliz\u00f3 la agenda de los medios en Brasil, que tambi\u00e9n&nbsp;destacaron la participaci\u00f3n&nbsp;del \u00abargentino\u00bb Cerimedo en la trama acusada de golpista. El caso tambi\u00e9n lleg\u00f3 a la portada de los principales sitios de noticias del mundo.<\/p>\n\n\n\n<p>Adem\u00e1s de Bolsonaro, tambi\u00e9n est\u00e1n en el listado el general Walter Souza Braga Netto que fue jefe de Gabinete y el poder real del gobierno de Bolsonaro y el general Augusto Heleno, que fue ministro de Seguridad y la otra pata del ala militar del bolsonarismo.&nbsp;<\/p>\n\n\n\n<p>En esa lista de 37 imputados aparece Cerimedo, que&nbsp;como&nbsp;anticip\u00f3&nbsp;LPO en febrero, para la Polic\u00eda Federal brasile\u00f1a form\u00f3 parte del llamado Oficina del Odio cuya misi\u00f3n era difundir noticias falsas sobre el funcionamiento del sistema de votaci\u00f3n para instalar la idea de un supuesto fraude, como justificativo de un golpe de Estado.&nbsp;Cuando revel\u00f3 su situaci\u00f3n&nbsp;en exclusiva, Cerimedo recorri\u00f3 canales de televisi\u00f3n para decir que la informaci\u00f3n publicada era una \u00abmentira\u00bb de este medio y afirm\u00f3 que estaba sobrese\u00eddo.&nbsp;<\/p>\n","protected":false},"excerpt":{"rendered":"<p>El estratega digital de Milei forma parte de una lista de 37 acusados por intento de golpe de Estado contra Lula, que tambi\u00e9n integra Jair Bolsonaro. Los delitos preven penas de hasta 30 a\u00f1os de prisi\u00f3n. La Polic\u00eda Federal de Brasil concluy\u00f3 la investigaci\u00f3n contra los acusados de organizar un intento de golpe de Estado [&hellip;]<\/p>\n","protected":false},"author":2,"featured_media":2699,"comment_status":"open","ping_status":"open","sticky":false,"template":"","format":"standard","meta":{"footnotes":""},"categories":[26],"tags":[],"class_list":{"0":"post-2711","1":"post","2":"type-post","3":"status-publish","4":"format-standard","5":"has-post-thumbnail","7":"category-nacionales"},"aioseo_notices":[],"_links":{"self":[{"href":"https:\/\/lalupa24.com.ar\/index.php\/wp-json\/wp\/v2\/posts\/2711","targetHints":{"allow":["GET"]}}],"collection":[{"href":"https:\/\/lalupa24.com.ar\/index.php\/wp-json\/wp\/v2\/posts"}],"about":[{"href":"https:\/\/lalupa24.com.ar\/index.php\/wp-json\/wp\/v2\/types\/post"}],"author":[{"embeddable":true,"href":"https:\/\/lalupa24.com.ar\/index.php\/wp-json\/wp\/v2\/users\/2"}],"replies":[{"embeddable":true,"href":"https:\/\/lalupa24.com.ar\/index.php\/wp-json\/wp\/v2\/comments?post=2711"}],"version-history":[{"count":1,"href":"https:\/\/lalupa24.com.ar\/index.php\/wp-json\/wp\/v2\/posts\/2711\/revisions"}],"predecessor-version":[{"id":2712,"href":"https:\/\/lalupa24.com.ar\/index.php\/wp-json\/wp\/v2\/posts\/2711\/revisions\/2712"}],"wp:featuredmedia":[{"embeddable":true,"href":"https:\/\/lalupa24.com.ar\/index.php\/wp-json\/wp\/v2\/media\/2699"}],"wp:attachment":[{"href":"https:\/\/lalupa24.com.ar\/index.php\/wp-json\/wp\/v2\/media?parent=2711"}],"wp:term":[{"taxonomy":"category","embeddable":true,"href":"https:\/\/lalupa24.com.ar\/index.php\/wp-json\/wp\/v2\/categories?post=2711"},{"taxonomy":"post_tag","embeddable":true,"href":"https:\/\/lalupa24.com.ar\/index.php\/wp-json\/wp\/v2\/tags?post=2711"}],"curies":[{"name":"wp","href":"https:\/\/api.w.org\/{rel}","templated":true}]}}