{"id":2713,"date":"2024-11-22T09:55:15","date_gmt":"2024-11-22T12:55:15","guid":{"rendered":"https:\/\/lalupa24.com.ar\/?p=2713"},"modified":"2024-11-22T09:55:17","modified_gmt":"2024-11-22T12:55:17","slug":"la-orden-de-arresto-contra-benjamin-netanyahu-tendra-grandes-consecuencias","status":"publish","type":"post","link":"https:\/\/lalupa24.com.ar\/index.php\/2024\/11\/22\/la-orden-de-arresto-contra-benjamin-netanyahu-tendra-grandes-consecuencias\/","title":{"rendered":"La orden de arresto contra Benjamin Netanyahu tendr\u00e1 grandes consecuencias"},"content":{"rendered":"\n<p>La estabilidad del primer ministro de Israel y la legitimidad de la Corte Penal Internacional est\u00e1n en juego en medio de crecientes presiones<\/p>\n\n\n\n<p>Durante meses, la decisi\u00f3n parec\u00eda tanto inevitable como improbable. Finalmente, el 21 de noviembre se confirm\u00f3: la&nbsp;<strong>Corte Penal Internacional (CPI)<\/strong>&nbsp;emiti\u00f3 \u00f3rdenes de arresto contra el primer ministro israel\u00ed,&nbsp;<strong>Benjam\u00edn Netanyahu<\/strong>, y el ex ministro de Defensa,&nbsp;<strong>Yoav Gallant<\/strong>.<\/p>\n\n\n\n<p>Ambos son acusados de supervisar cr\u00edmenes de guerra cometidos durante la ofensiva de un a\u00f1o de Israel contra Hamas en Gaza. La corte tambi\u00e9n inculp\u00f3 al principal comandante de Hamas por la masacre de israel\u00edes que desencaden\u00f3 la respuesta de Tel Aviv.<\/p>\n\n\n\n<p>Sin embargo, las acusaciones contra los funcionarios israel\u00edes representan un terremoto pol\u00edtico: un desastre diplom\u00e1tico para Netanyahu y un posible desaf\u00edo para la CPI.<\/p>\n\n\n\n<p><strong>Karim Khan<\/strong>, fiscal de la CPI, solicit\u00f3 las \u00f3rdenes en mayo. El caso es independiente de las denuncias de actos de genocidio por parte de Israel contra palestinos pendientes ante la&nbsp;<strong>Corte Internacional de Justicia (CIJ)<\/strong>, que resuelve disputas entre Estados (la CPI procesa individuos).<\/p>\n\n\n\n<p>Las acusaciones contra Netanyahu y Gallant son m\u00e1s f\u00e1ciles de probar que un cargo de genocidio contra Israel: se les acusa de usar el hambre como arma de guerra en Gaza y de dirigir ataques contra civiles en el territorio.<\/p>\n\n\n\n<p>Un panel de tres jueces encontr\u00f3 \u201cmotivos razonables para creer\u201d que tales cr\u00edmenes ocurrieron. Los acontecimientos recientes probablemente fortalecieron el caso de Khan: las&nbsp;<strong>Naciones Unidas<\/strong>&nbsp;siguen advirtiendo sobre una hambruna inminente en el norte de Gaza, que ha estado en gran medida aislado de la ayuda humanitaria durante los \u00faltimos 40 d\u00edas.<\/p>\n\n\n\n<p>El panel rechaz\u00f3 un desaf\u00edo procesal de Israel, que argumentaba que la corte no tiene jurisdicci\u00f3n en Gaza. Palestina, de la cual Gaza forma parte, es signataria del Estatuto de Roma, el marco legal de la CPI. Los jueces dictaminaron que eso les otorgaba autoridad para investigar cr\u00edmenes cometidos all\u00ed.<\/p>\n\n\n\n<p>La CPI se supone que es una corte de \u00faltima instancia que interviene cuando los tribunales de un pa\u00eds no procesan abusos. El fiscal general de Israel dijo a Netanyahu este a\u00f1o que formar una comisi\u00f3n estatal de investigaci\u00f3n podr\u00eda frenar la investigaci\u00f3n de la CPI.<\/p>\n\n\n\n<p>Sin embargo, Netanyahu no la ha nombrado, y los jueces se\u00f1alaron la falta de acci\u00f3n de Israel en su decisi\u00f3n. El fallo gener\u00f3 condenas casi universales de pol\u00edticos israel\u00edes.<\/p>\n\n\n\n<p><strong>Bezalel Smotrich<\/strong>, el ministro de Finanzas de extrema derecha, lo calific\u00f3 como una \u201cmarca de Ca\u00edn\u201d sobre la CPI, mientras que&nbsp;<strong>Yair Golan<\/strong>, l\u00edder de un partido de izquierda, lo describi\u00f3 como una \u201cdecisi\u00f3n vergonzosa\u201d.<\/p>\n\n\n\n<p>Muchos israel\u00edes argumentaron que se deb\u00eda al antisemitismo: el propio Netanyahu lo llam\u00f3 un \u201cjuicio Dreyfus moderno\u201d, en referencia al injusto enjuiciamiento de un oficial jud\u00edo en el ej\u00e9rcito franc\u00e9s en 1894.<\/p>\n\n\n\n<p>Sin embargo, la acusaci\u00f3n de antisemitismo banaliza el t\u00e9rmino. Nada en la historia de la corte sugiere una fijaci\u00f3n con los jud\u00edos. Desde su fundaci\u00f3n en 2002, la CPI ha procesado principalmente a se\u00f1ores de la guerra y d\u00e9spotas africanos, como&nbsp;<strong>Omar al-Bashir<\/strong>, dictador de Sud\u00e1n, y&nbsp;<strong>Saif al-Islam Gaddafi<\/strong>, hijo del antiguo tirano libio.<\/p>\n\n\n\n<p>En los \u00faltimos dos a\u00f1os, ha emitido \u00f3rdenes contra varios funcionarios rusos, incluido&nbsp;<strong>Vladimir Putin<\/strong>, por la invasi\u00f3n de Ucrania. Esta es la primera vez que se acusa a israel\u00edes.<\/p>\n\n\n\n<p>Adem\u00e1s de Netanyahu y Gallant, la CPI emiti\u00f3 una orden contra&nbsp;<strong>Muhammad Deif<\/strong>, jefe militar de Hamas desde hace tiempo. Se le acusa de dirigir el asesinato, tortura y violaci\u00f3n de civiles el 7 de octubre de 2023, entre otros delitos.<\/p>\n\n\n\n<p>Probablemente, no pueda ser juzgado: Israel cree que muri\u00f3 en un ataque a\u00e9reo en julio (la corte emiti\u00f3 la orden porque no pudo confirmar su destino). Khan tambi\u00e9n solicit\u00f3 \u00f3rdenes contra&nbsp;<strong>Yahya Sinwar<\/strong>, arquitecto de la masacre, e&nbsp;<strong>Ismail Haniyeh<\/strong>, l\u00edder de Hamas en ese momento.<\/p>\n\n\n\n<p>Estas solicitudes fueron retiradas porque ambos murieron este a\u00f1o a manos de Israel. No hay riesgo de que Israel extradite a Netanyahu o Gallant a La Haya, ya que el pa\u00eds no es miembro de la CPI.<\/p>\n\n\n\n<p>Sin embargo, 124 pa\u00edses s\u00ed lo son, incluyendo muchos de los aliados m\u00e1s cercanos de Israel. La consecuencia m\u00e1s inmediata del fallo es que ambos hombres no podr\u00e1n viajar a esos pa\u00edses por temor a ser arrestados.<\/p>\n\n\n\n<p><strong>Josep Borrell<\/strong>, jefe de pol\u00edtica exterior de la&nbsp;<strong>Uni\u00f3n Europea<\/strong>, afirm\u00f3 que la decisi\u00f3n de la corte es vinculante para todos los miembros de la UE. \u201cNetanyahu ha terminado su camino como l\u00edder leg\u00edtimo en la arena internacional\u201d, escribi\u00f3&nbsp;<strong>Eran Etzion<\/strong>, ex asesor de seguridad nacional adjunto de Netanyahu.<\/p>\n\n\n\n<p>La principal excepci\u00f3n, por supuesto, es Estados Unidos, que no es miembro de la corte. La decisi\u00f3n ha lanzado una bomba en la transici\u00f3n presidencial estadounidense.<\/p>\n\n\n\n<p>Avergonzar\u00e1 a la administraci\u00f3n saliente de&nbsp;<strong>Joe Biden<\/strong>, dividir\u00e1 a los dem\u00f3cratas y enfurecer\u00e1 a los republicanos mientras se preparan para asumir el control de la Casa Blanca y ambas c\u00e1maras del Congreso en enero.<\/p>\n","protected":false},"excerpt":{"rendered":"<p>La estabilidad del primer ministro de Israel y la legitimidad de la Corte Penal Internacional est\u00e1n en juego en medio de crecientes presiones Durante meses, la decisi\u00f3n parec\u00eda tanto inevitable como improbable. Finalmente, el 21 de noviembre se confirm\u00f3: la&nbsp;Corte Penal Internacional (CPI)&nbsp;emiti\u00f3 \u00f3rdenes de arresto contra el primer ministro israel\u00ed,&nbsp;Benjam\u00edn Netanyahu, y el ex [&hellip;]<\/p>\n","protected":false},"author":2,"featured_media":2700,"comment_status":"open","ping_status":"open","sticky":false,"template":"","format":"standard","meta":{"footnotes":""},"categories":[25],"tags":[],"class_list":{"0":"post-2713","1":"post","2":"type-post","3":"status-publish","4":"format-standard","5":"has-post-thumbnail","7":"category-internacionales"},"aioseo_notices":[],"_links":{"self":[{"href":"https:\/\/lalupa24.com.ar\/index.php\/wp-json\/wp\/v2\/posts\/2713","targetHints":{"allow":["GET"]}}],"collection":[{"href":"https:\/\/lalupa24.com.ar\/index.php\/wp-json\/wp\/v2\/posts"}],"about":[{"href":"https:\/\/lalupa24.com.ar\/index.php\/wp-json\/wp\/v2\/types\/post"}],"author":[{"embeddable":true,"href":"https:\/\/lalupa24.com.ar\/index.php\/wp-json\/wp\/v2\/users\/2"}],"replies":[{"embeddable":true,"href":"https:\/\/lalupa24.com.ar\/index.php\/wp-json\/wp\/v2\/comments?post=2713"}],"version-history":[{"count":1,"href":"https:\/\/lalupa24.com.ar\/index.php\/wp-json\/wp\/v2\/posts\/2713\/revisions"}],"predecessor-version":[{"id":2714,"href":"https:\/\/lalupa24.com.ar\/index.php\/wp-json\/wp\/v2\/posts\/2713\/revisions\/2714"}],"wp:featuredmedia":[{"embeddable":true,"href":"https:\/\/lalupa24.com.ar\/index.php\/wp-json\/wp\/v2\/media\/2700"}],"wp:attachment":[{"href":"https:\/\/lalupa24.com.ar\/index.php\/wp-json\/wp\/v2\/media?parent=2713"}],"wp:term":[{"taxonomy":"category","embeddable":true,"href":"https:\/\/lalupa24.com.ar\/index.php\/wp-json\/wp\/v2\/categories?post=2713"},{"taxonomy":"post_tag","embeddable":true,"href":"https:\/\/lalupa24.com.ar\/index.php\/wp-json\/wp\/v2\/tags?post=2713"}],"curies":[{"name":"wp","href":"https:\/\/api.w.org\/{rel}","templated":true}]}}